{"id":14818,"date":"2010-07-24T00:00:00","date_gmt":"2010-07-24T03:00:00","guid":{"rendered":"https:\/\/www.cnbb.org.br\/entrega-dos-premios-de-comunicacao-da-cnbb-e-marcada-pela-emocao\/"},"modified":"2010-07-24T00:00:00","modified_gmt":"2010-07-24T03:00:00","slug":"entrega-dos-premios-de-comunicacao-da-cnbb-e-marcada-pela-emocao","status":"publish","type":"post","link":"https:\/\/www.cnbb.org.br\/entrega-dos-premios-de-comunicacao-da-cnbb-e-marcada-pela-emocao\/","title":{"rendered":"Entrega dos Pr\u00eamios de Comunica\u00e7\u00e3o da CNBB \u00e9 marcada pela emo\u00e7\u00e3o"},"content":{"rendered":"<\/p>\n<p style=\"text-align: justify\">A emo\u00e7\u00e3o tomou conta dos agraciados com os Pr\u00eamios de Comunica\u00e7\u00e3o da CNBB, edi\u00e7\u00e3o 2009, entregues na noite de ontem, 23, durante o segundo Encontro Nacional da Pastoral da Comunica\u00e7\u00e3o. A cerim\u00f4nia de entrega dos pr\u00eamios, com transmiss\u00e3o ao vivo pelas TVs cat\u00f3licas, foi no audit\u00f3rio da TV Aparecida, em Aparecida (SP).<\/p>\n<p>  <!--more-->  <\/p>\n<p style=\"text-align: justify\">\u00a0<\/p>\n<p> <img decoding=\"async\" loading=\"lazy\" class=\" alignleft size-full wp-image-5683\" style=\"float: left\" alt=\"Luciana\" src=\"https:\/\/www.cnbb.org.br\/wp-content\/uploads\/2020\/03\/Luciana.jpg\" width=\"280\" height=\"258\" \/>A diretora do filme 5x Favela, Luciana Bezerra, uma das vencedoras do Margarida de Prata (cinema), uma das mais emocionadas, explicou o sentido do filme, feito pela primeira vez em 1961 por Cac\u00e1 Diegues. \u201cO filme nasceu da ideia de Cac\u00e1 Diegues de fazer novamente o 5x Favela, mas agora na \u00f3tica dos moradores da favela\u201d, disse. \u201cEste filme \u00e9 muito mais que um filme. \u00c9 um ato pol\u00edtico, de perseveran\u00e7a e de solidariedade\u201d, completou. <\/p>\n<p style=\"text-align: justify\">Marcelo Canelas foi um dos vencedores do trof\u00e9u Clara de Assis, dado a produ\u00e7\u00f5es televisivas. Ele concorreu com o document\u00e1rio sobre a Amaz\u00f4nia, Cabe\u00e7a do Cachorro, que trata da quest\u00e3o ind\u00edgena em S\u00e3o Gabriel da Cachoeira (AM). \u201cQueremos oferecer este pr\u00eamio aos povos ind\u00edgenas de S\u00e3o Gabriel da Cachoeira\u201d, disse. Ele destacou a diversidade cultural da regi\u00e3o como um \u201cpatrim\u00f4nio de todo o povo brasileiro\u201d.<\/p>\n<p style=\"text-align: justify\">A jornalista Andreia Moroni tamb\u00e9m n\u00e3o escondeu sua alegria ao ser premiada com o trof\u00e9u Microfone de Prata, na categoria r\u00e1dio, com o programa jornal\u00edstico O Brasil Hoje. \u201cEste pr\u00eamio \u00e9 um grande incentivo para produzirmos novos programas\u201d, disse.<\/p>\n<p style=\"text-align: justify\"><img decoding=\"async\" loading=\"lazy\" class=\" alignright size-full wp-image-5684\" style=\"float: right\" alt=\"Cantores_de_Deus\" src=\"https:\/\/www.cnbb.org.br\/wp-content\/uploads\/2020\/03\/Cantores_de_Deus.jpg\" width=\"280\" height=\"187\" \/>Entre uma plat\u00e9ia de 400 pessoas que assistiram \u00e0 cerim\u00f4nia estavam o secret\u00e1rio geral da CNBB, dom Dimas Lara Barbosa, e o presidente da Comiss\u00e3o Episcopal para a Educa\u00e7\u00e3o, Cultura e Comunica\u00e7\u00e3o Social da CNBB, dom Orani Jo\u00e3o Tempesta, que recebeu uma placa pelos oito anos \u00e0 frente da Comiss\u00e3o.<\/p>\n<p style=\"text-align: justify\">O grupo Cantores de Deus animou a cerim\u00f4nia e encantou a plateia com seu repert\u00f3rio variado. A cerim\u00f4nia, que come\u00e7ou pontualmente \u00e0s 21h, terminou pouco depois das 22h.<\/p>\n<p style=\"text-align: justify\">Confira a lista completa dos vencedores da edi\u00e7\u00e3o 2009 dos Pr\u00eamios de Comunica\u00e7\u00e3o da CNBB.<\/p>\n<p><strong>Pr\u00eamio Margarida de Prata de Cinema<\/strong><\/p>\n<ul>\n<li>Curta-metragem: <em>O som do tempo<\/em> \u2013 diretor: Petrus Cariri Maia de Moura <\/li>\n<li>Longa-metragem: <em>5X Favela<\/em> \u2013 diretores: Wagner Novaes, Renata de Almeida Magalh\u00e3es e Luciana Bezerra<\/li>\n<li>Document\u00e1rio:<em> Duas vidas e uma s\u00f3 causa <\/em>\u2013 diretores: Tatiana Palastri e Alexandre Rampazzo<\/li>\n<li>Men\u00e7\u00e3o honrosa: <em>O advogado das almas<\/em> \u2013 diretores: Thaisa Cerveira e Rafael Salim<\/li>\n<\/ul>\n<p style=\"text-align: justify\"><strong>Pr\u00eamio Microfone de Prata de R\u00e1dio<\/strong><\/p>\n<ul>\n<li>Categoria Jornalismo: <em>Jornal Brasil Hoje<\/em> \u2013 Andrea Moroni \u2013 R\u00e1dio Aparecida<\/li>\n<li>Categoria Religioso: programa <em>Experi\u00eancia de Deus<\/em> \u2013 Geizon Sokacheski e Z\u00e9lia Moreira &#8211; R\u00e1dio Evangelizar (Curitiba-PR)<\/li>\n<li>Categoria Entretenimento: programa <em>Ponto de vista <\/em>\u2013 Marcelo Samurai, Juninho Delzemi e padre Elias de Souza \u2013 R\u00e1dio Am\u00e9rica (Belo Horizonte-MG)<\/li>\n<li>Categoria especial: <em>Arquidiocese de Bras\u00edlia 50 anos<\/em> \u2013 Anderson Mendanha \u2013 R\u00e1dio Nova Alian\u00e7a (Bras\u00edlia-DF)<\/li>\n<li>Men\u00e7\u00e3o honrosa: <em>Pequeninos do Senhor <\/em>\u2013 S\u00e9rgio Rodrigues \u2013 R\u00e1dio Central (Campinas-SP)<\/li>\n<\/ul>\n<p style=\"text-align: justify\"><strong>Pr\u00eamio Dom Helder C\u00e2mara de Imprensa<\/strong><\/p>\n<ul>\n<li>Jornalista Juliana Borba com a reportagem <em>Notas de Solidariedade<\/em> \u2013 Revista Fam\u00edlia Crist\u00e3<\/li>\n<li>Jornalista Nanci Alves com a reportagem <em>Na estrada da vida nada se perde<\/em> &#8211; Jornal Opini\u00e3o, da arquidiocese de Belo Horizonte (MG)<\/li>\n<\/ul>\n<p style=\"text-align: justify\"><strong>Pr\u00eamio Clara de Assis de Televis\u00e3o<\/strong><\/p>\n<ul>\n<li>Categoria document\u00e1rio: <em>Paix\u00e3o de Cristo<\/em> \u2013 Diretor: Vitor Hugo Cardoso<\/li>\n<li>Categoria reportagem: <em>Cabe\u00e7a do Cachorro<\/em> \u2013 Marcelo Canellas<\/li>\n<\/ul>\n<p style=\"text-align: justify\"><span style=\"font-size: 8pt\"><strong><em>Fotos: Daniel Fagundes<\/em><\/strong><\/span><\/p>\n","protected":false},"excerpt":{"rendered":"<p>A emo\u00e7\u00e3o tomou conta dos agraciados com os Pr\u00eamios de Comunica\u00e7\u00e3o da CNBB, edi\u00e7\u00e3o 2009, entregues na noite de ontem, 23, durante o segundo Encontro Nacional da Pastoral da Comunica\u00e7\u00e3o. A cerim\u00f4nia de entrega dos pr\u00eamios, com transmiss\u00e3o ao vivo pelas TVs cat\u00f3licas, foi no audit\u00f3rio da TV Aparecida, em Aparecida (SP).<\/p>\n","protected":false},"author":83,"featured_media":14819,"comment_status":"open","ping_status":"open","sticky":false,"template":"","format":"standard","meta":{"site-sidebar-layout":"default","site-content-layout":"default","ast-global-header-display":"","ast-banner-title-visibility":"","ast-main-header-display":"","ast-hfb-above-header-display":"","ast-hfb-below-header-display":"","ast-hfb-mobile-header-display":"","site-post-title":"","ast-breadcrumbs-content":"","ast-featured-img":"","footer-sml-layout":"","theme-transparent-header-meta":"","adv-header-id-meta":"","stick-header-meta":"","header-above-stick-meta":"","header-main-stick-meta":"","header-below-stick-meta":""},"categories":[1],"tags":[],"acf":[],"_links":{"self":[{"href":"https:\/\/www.cnbb.org.br\/cnbb-app\/wp\/v2\/posts\/14818"}],"collection":[{"href":"https:\/\/www.cnbb.org.br\/cnbb-app\/wp\/v2\/posts"}],"about":[{"href":"https:\/\/www.cnbb.org.br\/cnbb-app\/wp\/v2\/types\/post"}],"author":[{"embeddable":true,"href":"https:\/\/www.cnbb.org.br\/cnbb-app\/wp\/v2\/users\/83"}],"replies":[{"embeddable":true,"href":"https:\/\/www.cnbb.org.br\/cnbb-app\/wp\/v2\/comments?post=14818"}],"version-history":[{"count":0,"href":"https:\/\/www.cnbb.org.br\/cnbb-app\/wp\/v2\/posts\/14818\/revisions"}],"wp:featuredmedia":[{"embeddable":true,"href":"https:\/\/www.cnbb.org.br\/cnbb-app\/wp\/v2\/media\/14819"}],"wp:attachment":[{"href":"https:\/\/www.cnbb.org.br\/cnbb-app\/wp\/v2\/media?parent=14818"}],"wp:term":[{"taxonomy":"category","embeddable":true,"href":"https:\/\/www.cnbb.org.br\/cnbb-app\/wp\/v2\/categories?post=14818"},{"taxonomy":"post_tag","embeddable":true,"href":"https:\/\/www.cnbb.org.br\/cnbb-app\/wp\/v2\/tags?post=14818"}],"curies":[{"name":"wp","href":"https:\/\/api.w.org\/{rel}","templated":true}]}}