{"id":14874,"date":"2011-01-19T00:00:00","date_gmt":"2011-01-19T02:00:00","guid":{"rendered":"https:\/\/www.cnbb.org.br\/diocese-de-caraguatatuba-promove-encontro-de-comunicadores\/"},"modified":"2011-01-19T00:00:00","modified_gmt":"2011-01-19T02:00:00","slug":"diocese-de-caraguatatuba-promove-encontro-de-comunicadores","status":"publish","type":"post","link":"https:\/\/www.cnbb.org.br\/diocese-de-caraguatatuba-promove-encontro-de-comunicadores\/","title":{"rendered":"Diocese de Caraguatatuba promove Encontro de Comunicadores"},"content":{"rendered":"<p style=\"text-align: justify\">A diocese de Caraguatatuba (SP), atrav\u00e9s do Setor de Comunica\u00e7\u00e3o, promove na pr\u00f3xima segunda-feira, 24, o Encontro de Comunicadores, reunindo jornalistas do Litoral Norte.\u00a0 A 4\u00aa edi\u00e7\u00e3o do evento marca o dia de S\u00e3o Francisco de Sales, padroeiro dos jornalistas.<\/p>\n<p><!--more--><\/p>\n<p style=\"text-align: justify\">Esta reuni\u00e3o tem por objetivo integrar os profissionais de imprensa tendo como pano de fundo a miss\u00e3o e voca\u00e7\u00e3o de comunicadores da verdade e do trabalho de responsabilidade social.<\/p>\n<p style=\"text-align: justify\">Durante o evento, far\u00e3o parte da mesa de convidados os jornalistas Ismar de Oliveira, coordenador do N\u00facleo de Comunica\u00e7\u00e3o e Educa\u00e7\u00e3o (NCE) da Escola de Comunica\u00e7\u00e3o e Artes (ECA\/USP), e o respons\u00e1vel pela comunica\u00e7\u00e3o da arquidiocese de S\u00e3o Paulo, padre Juarez de Castro (foto). A proposta \u00e9 a de debater o tema \u201cComunica\u00e7\u00e3o e Educa\u00e7\u00e3o e a import\u00e2ncia da imprensa na forma\u00e7\u00e3o de todas as pessoas\u201d. O bispo da diocese de Caraguatatuba, dom Altieri, tamb\u00e9m estar\u00e1 presente.<\/p>\n<p style=\"text-align: justify\">O encontro acontece nesta data h\u00e1 quatro anos e marca o lan\u00e7amento do 4\u00ba Pr\u00eamio Francisco de Sales e Dom Bosco. Este ano, ser\u00e3o inclu\u00eddas na premia\u00e7\u00e3o as categorias de jornalismo, fotografia, multim\u00eddia e r\u00e1dio. O tema para desenvolvimento dos trabalhos acompanha o tema da Campanha da Fraternidade 2011: \u201cFraternidade e Meio Ambiente\u201d. A premia\u00e7\u00e3o do concurso ser\u00e1 no m\u00eas de maio, no Dia Mundial das Comunica\u00e7\u00f5es.<\/p>\n","protected":false},"excerpt":{"rendered":"<p>A diocese de Caraguatatuba (SP), atrav\u00e9s do Setor de Comunica\u00e7\u00e3o, promove na pr\u00f3xima segunda-feira, 24, o Encontro de Comunicadores, reunindo jornalistas do Litoral Norte.\u00a0 A 4\u00aa edi\u00e7\u00e3o do evento marca o dia de S\u00e3o Francisco de Sales, padroeiro dos jornalistas.<\/p>\n","protected":false},"author":83,"featured_media":14875,"comment_status":"open","ping_status":"open","sticky":false,"template":"","format":"standard","meta":{"site-sidebar-layout":"default","site-content-layout":"default","ast-global-header-display":"","ast-banner-title-visibility":"","ast-main-header-display":"","ast-hfb-above-header-display":"","ast-hfb-below-header-display":"","ast-hfb-mobile-header-display":"","site-post-title":"","ast-breadcrumbs-content":"","ast-featured-img":"","footer-sml-layout":"","theme-transparent-header-meta":"","adv-header-id-meta":"","stick-header-meta":"","header-above-stick-meta":"","header-main-stick-meta":"","header-below-stick-meta":""},"categories":[1],"tags":[],"acf":[],"_links":{"self":[{"href":"https:\/\/www.cnbb.org.br\/cnbb-app\/wp\/v2\/posts\/14874"}],"collection":[{"href":"https:\/\/www.cnbb.org.br\/cnbb-app\/wp\/v2\/posts"}],"about":[{"href":"https:\/\/www.cnbb.org.br\/cnbb-app\/wp\/v2\/types\/post"}],"author":[{"embeddable":true,"href":"https:\/\/www.cnbb.org.br\/cnbb-app\/wp\/v2\/users\/83"}],"replies":[{"embeddable":true,"href":"https:\/\/www.cnbb.org.br\/cnbb-app\/wp\/v2\/comments?post=14874"}],"version-history":[{"count":0,"href":"https:\/\/www.cnbb.org.br\/cnbb-app\/wp\/v2\/posts\/14874\/revisions"}],"wp:featuredmedia":[{"embeddable":true,"href":"https:\/\/www.cnbb.org.br\/cnbb-app\/wp\/v2\/media\/14875"}],"wp:attachment":[{"href":"https:\/\/www.cnbb.org.br\/cnbb-app\/wp\/v2\/media?parent=14874"}],"wp:term":[{"taxonomy":"category","embeddable":true,"href":"https:\/\/www.cnbb.org.br\/cnbb-app\/wp\/v2\/categories?post=14874"},{"taxonomy":"post_tag","embeddable":true,"href":"https:\/\/www.cnbb.org.br\/cnbb-app\/wp\/v2\/tags?post=14874"}],"curies":[{"name":"wp","href":"https:\/\/api.w.org\/{rel}","templated":true}]}}