{"id":14885,"date":"2011-02-15T00:00:00","date_gmt":"2011-02-15T02:00:00","guid":{"rendered":"https:\/\/www.cnbb.org.br\/comunicacao-e-tema-de-curso-de-atualizacao-do-clero-da-arquidiocese-de-natal\/"},"modified":"2020-04-19T17:26:54","modified_gmt":"2020-04-19T20:26:54","slug":"comunicacao-e-tema-de-curso-de-atualizacao-do-clero-da-arquidiocese-de-natal","status":"publish","type":"post","link":"https:\/\/www.cnbb.org.br\/comunicacao-e-tema-de-curso-de-atualizacao-do-clero-da-arquidiocese-de-natal\/","title":{"rendered":"\u201cComunica\u00e7\u00e3o\u201d \u00e9 tema de curso de atualiza\u00e7\u00e3o do Clero da arquidiocese de Natal"},"content":{"rendered":"<p style=\"text-align: justify\">Tem in\u00edcio nesta ter\u00e7a-feira, 15, e segue at\u00e9 quinta-feira, 17, o curso anual de atualiza\u00e7\u00e3o para os padres da arquidiocese de Natal (RN), realizado no Centro de Treinamento de Ponta Negra.<\/p>\n<p><!--more--><\/p>\n<p style=\"text-align: justify\">Com o tema \u201cDesafios e oportunidades da comunica\u00e7\u00e3o\u201d o primeiro dia do curso ser\u00e1 assessorado pelo coordenador da Pastoral da Comunica\u00e7\u00e3o (Pascom), da arquidiocese de Salvador (BA), padre Manoel Filho. A segunda parte ser\u00e1 assessorada pelo professor do Departamento de Comunica\u00e7\u00e3o da Universidade Federal do Rio Grande do Norte (UFRN), Juciano Lacerda.<\/p>\n<p style=\"text-align: justify\">Todos os anos, sempre no m\u00eas de fevereiro, a arquidiocese de Natal promove um curso de atualiza\u00e7\u00e3o para o clero. Para cada ano, \u00e9 escolhido um tema de acordo com a realidade atual e a necessidade da Igreja.<\/p>\n<p style=\"text-align: justify\">O curso conta, tamb\u00e9m, com a participa\u00e7\u00e3o do arcebispo, dom Matias Patr\u00edcio de Mac\u00eado.<\/p>\n","protected":false},"excerpt":{"rendered":"<p>Tem in\u00edcio nesta ter\u00e7a-feira, 15, e segue at\u00e9 quinta-feira, 17, o curso anual de atualiza\u00e7\u00e3o para os padres da arquidiocese de Natal (RN), realizado no Centro de Treinamento de Ponta Negra.<\/p>\n","protected":false},"author":83,"featured_media":14886,"comment_status":"open","ping_status":"open","sticky":false,"template":"","format":"standard","meta":{"site-sidebar-layout":"default","site-content-layout":"default","ast-global-header-display":"","ast-banner-title-visibility":"","ast-main-header-display":"","ast-hfb-above-header-display":"","ast-hfb-below-header-display":"","ast-hfb-mobile-header-display":"","site-post-title":"","ast-breadcrumbs-content":"","ast-featured-img":"","footer-sml-layout":"","theme-transparent-header-meta":"","adv-header-id-meta":"","stick-header-meta":"","header-above-stick-meta":"","header-main-stick-meta":"","header-below-stick-meta":""},"categories":[878,1],"tags":[],"acf":[],"_links":{"self":[{"href":"https:\/\/www.cnbb.org.br\/cnbb-app\/wp\/v2\/posts\/14885"}],"collection":[{"href":"https:\/\/www.cnbb.org.br\/cnbb-app\/wp\/v2\/posts"}],"about":[{"href":"https:\/\/www.cnbb.org.br\/cnbb-app\/wp\/v2\/types\/post"}],"author":[{"embeddable":true,"href":"https:\/\/www.cnbb.org.br\/cnbb-app\/wp\/v2\/users\/83"}],"replies":[{"embeddable":true,"href":"https:\/\/www.cnbb.org.br\/cnbb-app\/wp\/v2\/comments?post=14885"}],"version-history":[{"count":0,"href":"https:\/\/www.cnbb.org.br\/cnbb-app\/wp\/v2\/posts\/14885\/revisions"}],"wp:featuredmedia":[{"embeddable":true,"href":"https:\/\/www.cnbb.org.br\/cnbb-app\/wp\/v2\/media\/14886"}],"wp:attachment":[{"href":"https:\/\/www.cnbb.org.br\/cnbb-app\/wp\/v2\/media?parent=14885"}],"wp:term":[{"taxonomy":"category","embeddable":true,"href":"https:\/\/www.cnbb.org.br\/cnbb-app\/wp\/v2\/categories?post=14885"},{"taxonomy":"post_tag","embeddable":true,"href":"https:\/\/www.cnbb.org.br\/cnbb-app\/wp\/v2\/tags?post=14885"}],"curies":[{"name":"wp","href":"https:\/\/api.w.org\/{rel}","templated":true}]}}