{"id":14889,"date":"2011-02-24T00:00:00","date_gmt":"2011-02-24T03:00:00","guid":{"rendered":"https:\/\/www.cnbb.org.br\/setor-de-comunicacao-da-cnbb-debate-midia-e-religiao\/"},"modified":"2011-02-24T00:00:00","modified_gmt":"2011-02-24T03:00:00","slug":"setor-de-comunicacao-da-cnbb-debate-midia-e-religiao","status":"publish","type":"post","link":"https:\/\/www.cnbb.org.br\/setor-de-comunicacao-da-cnbb-debate-midia-e-religiao\/","title":{"rendered":"Setor de Comunica\u00e7\u00e3o da CNBB debate M\u00eddia e Religi\u00e3o"},"content":{"rendered":"<p style=\"text-align: justify\">O Setor Comunica\u00e7\u00e3o Social da CNBB se reuniu, na \u00faltima ter\u00e7a-feira, 22, com representantes das TV\u00b4s Cat\u00f3licas e com os membros da Equipe de Reflex\u00e3o de Comunica\u00e7\u00e3o da CNBB, em S\u00e3o Paulo, para debater os rumos da comunica\u00e7\u00e3o cat\u00f3lica no pa\u00eds. O tema foi debatido a partir da palestra \u201cReligi\u00e3o e M\u00eddia\u201d, proferida pelo jornalista Eug\u00eanio Bucci, que apresentou os lados positivos e negativos ao se falar de religi\u00e3o nos meios de comunica\u00e7\u00e3o de massa.<\/p>\n<p>  <!--more-->  <\/p>\n<p style=\"text-align: justify\"><img decoding=\"async\" loading=\"lazy\" class=\" alignleft size-full wp-image-8541\" style=\"float: left\" title=\"Representantes das TV's cat\u00f3licas\" alt=\"Setorcomunicacao2\" src=\"https:\/\/www.cnbb.org.br\/wp-content\/uploads\/2020\/03\/Setorcomunicacao2.jpg\" width=\"200\" height=\"150\" \/>Al\u00e9m disso, a reuni\u00e3o serviu como despedida do presidente da Comiss\u00e3o Episcopal para a Cultura, Educa\u00e7\u00e3o e Comunica\u00e7\u00e3o Social, dom Orani Jo\u00e3o Tempesta, arcebispo de Rio de Janeiro, que deixa a Presid\u00eancia da Comiss\u00e3o ap\u00f3s oito anos.<\/p>\n<p style=\"text-align: justify\">Dom Orani destacou como \u201cincans\u00e1vel\u201d o trabalho dos profissionais das TV\u2019s de inspira\u00e7\u00e3o cat\u00f3lica. \u201cConsidero a televis\u00e3o um dom de Deus, criando la\u00e7os de solidariedade, de viv\u00eancia crist\u00e3 entre as pessoas, mediante sua dedica\u00e7\u00e3o constante para que o Evangelho chegue a todos\u201d, disse o arcebispo.<\/p>\n<p style=\"text-align: justify\">Segundo a assessora do Setor Comunica\u00e7\u00e3o Social da CNBB, irm\u00e3 \u00c9lide Maria Fogolari, o evento foi marcado por momentos de reflex\u00e3o, comunh\u00e3o e partilha das experi\u00eancias que, tanto a Equipe de Reflex\u00e3o do Setor, quanto os representantes das TV\u2019s adquiriram ao longo dos anos.<\/p>\n<p style=\"text-align: justify\"><img decoding=\"async\" loading=\"lazy\" class=\" alignright size-full wp-image-8542\" style=\"float: right\" title=\"Dom Orani Jo\u00e3o Tempesta recebe uma placa comemorativa por seus 8 anos \u00e0 frente da Comiss\u00e3o\" alt=\"Setorcomunicacao4\" src=\"https:\/\/www.cnbb.org.br\/wp-content\/uploads\/2020\/03\/Setorcomunicacao4.jpg\" width=\"300\" height=\"225\" \/>\u201cA reuni\u00e3o serviu para que juntos fiz\u00e9ssemos uma reflex\u00e3o pertinente sobre comunica\u00e7\u00e3o e religi\u00e3o. Foi tamb\u00e9m ocasi\u00e3o de partilha das nossas a\u00e7\u00f5es dos \u00faltimos anos, quando houve muito trabalho e doa\u00e7\u00e3o em prol da comunica\u00e7\u00e3o\u201d, disse irm\u00e3 \u00c9lide.<\/p>\n<p style=\"text-align: justify\">Na missa que encerrou o encontro houve a entrega de uma placa comemorativa a dom Orani, agradecendo o trabalho desenvolvido nos oito anos que presidiu a Comiss\u00e3o.<\/p>\n","protected":false},"excerpt":{"rendered":"<p>O Setor Comunica\u00e7\u00e3o Social da CNBB se reuniu, na \u00faltima ter\u00e7a-feira, 22, com representantes das TV\u00b4s Cat\u00f3licas e com os membros da Equipe de Reflex\u00e3o de Comunica\u00e7\u00e3o da CNBB, em S\u00e3o Paulo, para debater os rumos da comunica\u00e7\u00e3o cat\u00f3lica no pa\u00eds. O tema foi debatido a partir da palestra \u201cReligi\u00e3o e M\u00eddia\u201d, proferida pelo jornalista &hellip;<\/p>\n<p class=\"read-more\"> <a class=\"\" href=\"https:\/\/www.cnbb.org.br\/setor-de-comunicacao-da-cnbb-debate-midia-e-religiao\/\"> <span class=\"screen-reader-text\">Setor de Comunica\u00e7\u00e3o da CNBB debate M\u00eddia e Religi\u00e3o<\/span> Leia mais &raquo;<\/a><\/p>\n","protected":false},"author":83,"featured_media":14890,"comment_status":"open","ping_status":"open","sticky":false,"template":"","format":"standard","meta":{"site-sidebar-layout":"default","site-content-layout":"default","ast-global-header-display":"","ast-banner-title-visibility":"","ast-main-header-display":"","ast-hfb-above-header-display":"","ast-hfb-below-header-display":"","ast-hfb-mobile-header-display":"","site-post-title":"","ast-breadcrumbs-content":"","ast-featured-img":"","footer-sml-layout":"","theme-transparent-header-meta":"","adv-header-id-meta":"","stick-header-meta":"","header-above-stick-meta":"","header-main-stick-meta":"","header-below-stick-meta":""},"categories":[1],"tags":[],"acf":[],"_links":{"self":[{"href":"https:\/\/www.cnbb.org.br\/cnbb-app\/wp\/v2\/posts\/14889"}],"collection":[{"href":"https:\/\/www.cnbb.org.br\/cnbb-app\/wp\/v2\/posts"}],"about":[{"href":"https:\/\/www.cnbb.org.br\/cnbb-app\/wp\/v2\/types\/post"}],"author":[{"embeddable":true,"href":"https:\/\/www.cnbb.org.br\/cnbb-app\/wp\/v2\/users\/83"}],"replies":[{"embeddable":true,"href":"https:\/\/www.cnbb.org.br\/cnbb-app\/wp\/v2\/comments?post=14889"}],"version-history":[{"count":0,"href":"https:\/\/www.cnbb.org.br\/cnbb-app\/wp\/v2\/posts\/14889\/revisions"}],"wp:featuredmedia":[{"embeddable":true,"href":"https:\/\/www.cnbb.org.br\/cnbb-app\/wp\/v2\/media\/14890"}],"wp:attachment":[{"href":"https:\/\/www.cnbb.org.br\/cnbb-app\/wp\/v2\/media?parent=14889"}],"wp:term":[{"taxonomy":"category","embeddable":true,"href":"https:\/\/www.cnbb.org.br\/cnbb-app\/wp\/v2\/categories?post=14889"},{"taxonomy":"post_tag","embeddable":true,"href":"https:\/\/www.cnbb.org.br\/cnbb-app\/wp\/v2\/tags?post=14889"}],"curies":[{"name":"wp","href":"https:\/\/api.w.org\/{rel}","templated":true}]}}