{"id":14892,"date":"2011-03-02T00:00:00","date_gmt":"2011-03-02T03:00:00","guid":{"rendered":"https:\/\/www.cnbb.org.br\/celam-promove-encontro-de-comunicacao-com-especialistas\/"},"modified":"2011-03-02T00:00:00","modified_gmt":"2011-03-02T03:00:00","slug":"celam-promove-encontro-de-comunicacao-com-especialistas","status":"publish","type":"post","link":"https:\/\/www.cnbb.org.br\/celam-promove-encontro-de-comunicacao-com-especialistas\/","title":{"rendered":"CELAM promove encontro de comunica\u00e7\u00e3o com especialistas"},"content":{"rendered":"<p style=\"text-align: justify\">Teve inicio no dia 28 de fevereiro e segue at\u00e9 amanh\u00e3, 3, na sede da Confer\u00eancia Episcopal Latino Americana (CELAM), na Col\u00f4mbia, o primeiro encontro de 2011 da Equipe de Reflex\u00e3o de Comunica\u00e7\u00e3o do CELAM.\u00a0 Durante os trabalhos s\u00e3o analisados e refletidos o projeto de forma\u00e7\u00e3o permanente em comunica\u00e7\u00e3o, a Revis\u00e3o do Setor de Comunica\u00e7\u00e3o e assessoria de imprensa nos anos 2007 a 2011 e as linhas de a\u00e7\u00e3o comunicativas para os pr\u00f3ximos quatro anos da Confer\u00eancia, no Continente da Americano.<\/p>\n<p><!--more--><\/p>\n<p style=\"text-align: justify\">Participam do encontro, bispos, padres, religiosos, pesquisadores, jornalistas e professores de comunica\u00e7\u00e3o, para analisar, refletir os meios e processos de comunica\u00e7\u00e3o da Igreja na Am\u00e9rica Latina.<\/p>\n<p style=\"text-align: justify\">Para o assessor da comunica\u00e7\u00e3o do CELAM, padre Carlos Arturo Quintero, \u201cos \u00faltimos quatro anos foram significativos, no sentido de que os encontros realizados no Continente favoreceram a uni\u00e3o, a comunh\u00e3o e o aprofundamento na comunica\u00e7\u00e3o, sobretudo entre os bispos e assessores de comunica\u00e7\u00e3o das Confer\u00eancias Episcopais da Am\u00e9rica Latina\u201d.<\/p>\n<p style=\"text-align: justify\">O bispo referencial da comunica\u00e7\u00e3o do Haiti, dom Pierre Dumas falou da import\u00e2ncia da informa\u00e7\u00e3o na Igreja. Para Pierre o povo do Haiti foi socorrido gra\u00e7as aos meios de comunica\u00e7\u00e3o. \u201cMuitas pessoas vieram nos ajudar, nos enviaram bens. Com isso, sentimos a solidariedade de toda a humanidade. Isto gerou esperan\u00e7a e motiva\u00e7\u00e3o de vida no povo\u201d, disse.<\/p>\n<p style=\"text-align: justify\">No dia 28 foram tra\u00e7adas algumas linhas de a\u00e7\u00e3o tem\u00e1ticas, no que se refere ao projeto de forma\u00e7\u00e3o para os pr\u00f3ximos anos: Estruturar a Comunica\u00e7\u00e3o a partir do CELAM e em todas as Confer\u00eancias Episcopais da Am\u00e9rica Latina; Animar e articular a comunica\u00e7\u00e3o nas Confer\u00eancias do Continente mediante encontros, cursos e publica\u00e7\u00f5es de textos impressos e audiovisuais; capacitar a Igreja para que se conscientize da import\u00e2ncia da comunica\u00e7\u00e3o enquanto meios e processos de comunica\u00e7\u00e3o; convocar pesquisadores e profissionais da \u00e1rea da comunica\u00e7\u00e3o para que contribuam com os seus saberes a Igreja.<\/p>\n","protected":false},"excerpt":{"rendered":"<p>Teve inicio no dia 28 de fevereiro e segue at\u00e9 amanh\u00e3, 3, na sede da Confer\u00eancia Episcopal Latino Americana (CELAM), na Col\u00f4mbia, o primeiro encontro de 2011 da Equipe de Reflex\u00e3o de Comunica\u00e7\u00e3o do CELAM.\u00a0 Durante os trabalhos s\u00e3o analisados e refletidos o projeto de forma\u00e7\u00e3o permanente em comunica\u00e7\u00e3o, a Revis\u00e3o do Setor de Comunica\u00e7\u00e3o &hellip;<\/p>\n<p class=\"read-more\"> <a class=\"\" href=\"https:\/\/www.cnbb.org.br\/celam-promove-encontro-de-comunicacao-com-especialistas\/\"> <span class=\"screen-reader-text\">CELAM promove encontro de comunica\u00e7\u00e3o com especialistas<\/span> Leia mais &raquo;<\/a><\/p>\n","protected":false},"author":83,"featured_media":14893,"comment_status":"open","ping_status":"open","sticky":false,"template":"","format":"standard","meta":{"site-sidebar-layout":"default","site-content-layout":"default","ast-global-header-display":"","ast-banner-title-visibility":"","ast-main-header-display":"","ast-hfb-above-header-display":"","ast-hfb-below-header-display":"","ast-hfb-mobile-header-display":"","site-post-title":"","ast-breadcrumbs-content":"","ast-featured-img":"","footer-sml-layout":"","theme-transparent-header-meta":"","adv-header-id-meta":"","stick-header-meta":"","header-above-stick-meta":"","header-main-stick-meta":"","header-below-stick-meta":""},"categories":[1],"tags":[],"acf":[],"_links":{"self":[{"href":"https:\/\/www.cnbb.org.br\/cnbb-app\/wp\/v2\/posts\/14892"}],"collection":[{"href":"https:\/\/www.cnbb.org.br\/cnbb-app\/wp\/v2\/posts"}],"about":[{"href":"https:\/\/www.cnbb.org.br\/cnbb-app\/wp\/v2\/types\/post"}],"author":[{"embeddable":true,"href":"https:\/\/www.cnbb.org.br\/cnbb-app\/wp\/v2\/users\/83"}],"replies":[{"embeddable":true,"href":"https:\/\/www.cnbb.org.br\/cnbb-app\/wp\/v2\/comments?post=14892"}],"version-history":[{"count":0,"href":"https:\/\/www.cnbb.org.br\/cnbb-app\/wp\/v2\/posts\/14892\/revisions"}],"wp:featuredmedia":[{"embeddable":true,"href":"https:\/\/www.cnbb.org.br\/cnbb-app\/wp\/v2\/media\/14893"}],"wp:attachment":[{"href":"https:\/\/www.cnbb.org.br\/cnbb-app\/wp\/v2\/media?parent=14892"}],"wp:term":[{"taxonomy":"category","embeddable":true,"href":"https:\/\/www.cnbb.org.br\/cnbb-app\/wp\/v2\/categories?post=14892"},{"taxonomy":"post_tag","embeddable":true,"href":"https:\/\/www.cnbb.org.br\/cnbb-app\/wp\/v2\/tags?post=14892"}],"curies":[{"name":"wp","href":"https:\/\/api.w.org\/{rel}","templated":true}]}}