{"id":14898,"date":"2011-03-11T00:00:00","date_gmt":"2011-03-11T03:00:00","guid":{"rendered":"https:\/\/www.cnbb.org.br\/diocese-de-novo-hamburgo-realiza-curso-de-comunicacao-na-igreja\/"},"modified":"2011-03-11T00:00:00","modified_gmt":"2011-03-11T03:00:00","slug":"diocese-de-novo-hamburgo-realiza-curso-de-comunicacao-na-igreja","status":"publish","type":"post","link":"https:\/\/www.cnbb.org.br\/diocese-de-novo-hamburgo-realiza-curso-de-comunicacao-na-igreja\/","title":{"rendered":"Diocese de Novo Hamburgo realiza \u201cCurso de Comunica\u00e7\u00e3o na Igreja\u201d"},"content":{"rendered":"<p style=\"text-align: justify\">Est\u00e3o abertas as inscri\u00e7\u00f5es para o \u201cCurso de Comunica\u00e7\u00e3o na Igreja\u201d, da diocese de Novo Hamburgo (RS). A forma\u00e7\u00e3o acontece em parceria com as Faculdades Integradas de Taquara (Faccat), com o objetivo de qualificar a evangeliza\u00e7\u00e3o atrav\u00e9s dos meios de comunica\u00e7\u00e3o social.<\/p>\n<p><!--more--><\/p>\n<p style=\"text-align: justify\">Proposto pela Pascom diocesana, o curso contempla \u00e1reas de interesse, como Teologia da Comunica\u00e7\u00e3o, A pessoa e a dimens\u00e3o comunicativa, os recursos modernos de comunica\u00e7\u00e3o, a Igreja e os Meios de Comunica\u00e7\u00e3o Social, Comunica\u00e7\u00e3o na Liturgia e Pastoral da Comunica\u00e7\u00e3o.<\/p>\n<p style=\"text-align: justify\">A 2\u00aa edi\u00e7\u00e3o do \u201cCurso de Comunica\u00e7\u00e3o na Igreja\u201d agrega universalidade \u00e0s disciplinas oferecidas, mas sem perder a unidade e continua com a mesma proposta de formar leigos dispostos a trabalhar a comunica\u00e7\u00e3o em suas par\u00f3quias e, nesse sentido, articular a Pastoral da Comunica\u00e7\u00e3o (Pascom) paroquial.<\/p>\n<p style=\"text-align: justify\">De acordo com a assessoria de imprensa da diocese de Novo Hamburgo, a forma\u00e7\u00e3o \u201cfoi concebida dentro da perspectiva de haver uma forma\u00e7\u00e3o para os leigos preocupados com a comunica\u00e7\u00e3o em suas comunidades e capacit\u00e1-los para a implanta\u00e7\u00e3o plena da Pastoral da Comunica\u00e7\u00e3o (Pascom) paroquial\u201d.<\/p>\n<p style=\"text-align: justify\">As aulas ser\u00e3o realizadas \u00e0s ter\u00e7as-feiras, no per\u00edodo de 15 de mar\u00e7o a 29 de novembro, das 19h30 \u00e0s 22h, na C\u00faria. As inscri\u00e7\u00f5es podem ser realizadas pelo site da Faccat www.faccat.br, acessando Curso de Ci\u00eancias Religiosas.<\/p>\n<p style=\"text-align: justify\">Mais informa\u00e7\u00f5es atrav\u00e9s do e-mail diocesano@mitranh.org.br ou mensagens instant\u00e2neas dorce.dorce@hotmail.com e ainda pelo fone (51)3066-1755, ramal 230, com a assessora de imprensa da diocese de Novo Hamburgo, Dorcelina Gomes.<\/p>\n","protected":false},"excerpt":{"rendered":"<p>Est\u00e3o abertas as inscri\u00e7\u00f5es para o \u201cCurso de Comunica\u00e7\u00e3o na Igreja\u201d, da diocese de Novo Hamburgo (RS). A forma\u00e7\u00e3o acontece em parceria com as Faculdades Integradas de Taquara (Faccat), com o objetivo de qualificar a evangeliza\u00e7\u00e3o atrav\u00e9s dos meios de comunica\u00e7\u00e3o social.<\/p>\n","protected":false},"author":83,"featured_media":0,"comment_status":"open","ping_status":"open","sticky":false,"template":"","format":"standard","meta":{"site-sidebar-layout":"default","site-content-layout":"default","ast-global-header-display":"","ast-banner-title-visibility":"","ast-main-header-display":"","ast-hfb-above-header-display":"","ast-hfb-below-header-display":"","ast-hfb-mobile-header-display":"","site-post-title":"","ast-breadcrumbs-content":"","ast-featured-img":"","footer-sml-layout":"","theme-transparent-header-meta":"","adv-header-id-meta":"","stick-header-meta":"","header-above-stick-meta":"","header-main-stick-meta":"","header-below-stick-meta":""},"categories":[1],"tags":[],"acf":[],"_links":{"self":[{"href":"https:\/\/www.cnbb.org.br\/cnbb-app\/wp\/v2\/posts\/14898"}],"collection":[{"href":"https:\/\/www.cnbb.org.br\/cnbb-app\/wp\/v2\/posts"}],"about":[{"href":"https:\/\/www.cnbb.org.br\/cnbb-app\/wp\/v2\/types\/post"}],"author":[{"embeddable":true,"href":"https:\/\/www.cnbb.org.br\/cnbb-app\/wp\/v2\/users\/83"}],"replies":[{"embeddable":true,"href":"https:\/\/www.cnbb.org.br\/cnbb-app\/wp\/v2\/comments?post=14898"}],"version-history":[{"count":0,"href":"https:\/\/www.cnbb.org.br\/cnbb-app\/wp\/v2\/posts\/14898\/revisions"}],"wp:attachment":[{"href":"https:\/\/www.cnbb.org.br\/cnbb-app\/wp\/v2\/media?parent=14898"}],"wp:term":[{"taxonomy":"category","embeddable":true,"href":"https:\/\/www.cnbb.org.br\/cnbb-app\/wp\/v2\/categories?post=14898"},{"taxonomy":"post_tag","embeddable":true,"href":"https:\/\/www.cnbb.org.br\/cnbb-app\/wp\/v2\/tags?post=14898"}],"curies":[{"name":"wp","href":"https:\/\/api.w.org\/{rel}","templated":true}]}}