{"id":14902,"date":"2011-03-16T00:00:00","date_gmt":"2011-03-16T03:00:00","guid":{"rendered":"https:\/\/www.cnbb.org.br\/material-para-o-45o-dia-mundial-da-comunicacao-e-enviado-a-todas-as-dioceses-do-brasil\/"},"modified":"2011-03-16T00:00:00","modified_gmt":"2011-03-16T03:00:00","slug":"material-para-o-45o-dia-mundial-da-comunicacao-e-enviado-a-todas-as-dioceses-do-brasil","status":"publish","type":"post","link":"https:\/\/www.cnbb.org.br\/material-para-o-45o-dia-mundial-da-comunicacao-e-enviado-a-todas-as-dioceses-do-brasil\/","title":{"rendered":"Material para o 45\u00ba Dia Mundial da Comunica\u00e7\u00e3o \u00e9 enviado a todas as dioceses do Brasil"},"content":{"rendered":"<p style=\"text-align: justify\">O Setor de Comunica\u00e7\u00e3o Social da Confer\u00eancia Nacional dos Bispos do Brasil (CNBB) enviou a todas as dioceses do Brasil, em parceria com a Editora Paulinas, o material [livreto e cartaz] para a comemora\u00e7\u00e3o do 45\u00ba Dia Mundial da Comunica\u00e7\u00e3o (DMC), cujo tema este ano \u00e9 \u201cVerdade, an\u00fancio e autenticidade de vida, na era digital\u201d. O DMC ser\u00e1 celebrado este ano no dia 5 de junho.<\/p>\n<p>  <!--more-->  <\/p>\n<p style=\"text-align: justify\">O conte\u00fado do livreto cont\u00e9m a Mensagem do papa Bento XVI para o Dia Mundial da Comunica\u00e7\u00e3o; uma reflex\u00e3o do presidente da Comiss\u00e3o Episcopal para a Educa\u00e7\u00e3o, Cultura e Comunica\u00e7\u00e3o Social da Confer\u00eancia dos Bispos, dom Orani Jo\u00e3o Tempesta; e uma reflex\u00e3o da jornalista e doutora em comunica\u00e7\u00e3o social, a paulina irm\u00e3 Joana Puntel sobre o tema da mensagem do papa; al\u00e9m de algumas sugest\u00f5es para a celebra\u00e7\u00e3o e anima\u00e7\u00e3o do DMC.<\/p>\n<p style=\"text-align: justify\">Para a assessora do Setor de Comunica\u00e7\u00e3o Social da CNBB, irm\u00e3 Elide Fogolari, o material impresso \u00e9 uma forma de valorizar a comemora\u00e7\u00e3o do DMC, conforme pede o pr\u00f3prio papa.<\/p>\n<p style=\"text-align: justify\">\u201cCom este material queremos comemorar o 45\u00ba Dia Mundial da Comunica\u00e7\u00e3o como pede o papa: com bastante festividade e com reflex\u00e3o para que n\u00f3s possamos criar na Igreja no Brasil uma cultura da comunica\u00e7\u00e3o, para assim, articularmos melhor as pastorais. A comunica\u00e7\u00e3o deve se estabelecer como a alma de todo o an\u00fancio da boa nova de Jesus Cristo\u201d, sublinhou a assessora.<\/p>\n<p style=\"text-align: justify\">Ainda segundo irm\u00e3 Elide, a Igreja precisa fazer da comunica\u00e7\u00e3o um meio para que a \u201cboa nova de Jesus Cristo chegue a todas as pessoas. O papa Paulo VI j\u00e1 dizia que se n\u00f3s n\u00e3o conseguimos compreender a comunica\u00e7\u00e3o, fica dif\u00edcil chegar a todas as pessoas; e vamos nos sentir culpados se a Igreja n\u00e3o usar dos meios de comunica\u00e7\u00e3o para a evangeliza\u00e7\u00e3o\u201d, concluiu.<\/p>\n<p style=\"text-align: justify\"><a title=\"material\" href=\"component\/docman\/cat_view\/377-setor-comunicacao-social\/408-dia-mundial-das-comunicacoes\"><span style=\"color: #ff0000\"><strong>Confira o material. Clique aqui<\/strong><\/span><\/a><\/p>\n","protected":false},"excerpt":{"rendered":"<p>O Setor de Comunica\u00e7\u00e3o Social da Confer\u00eancia Nacional dos Bispos do Brasil (CNBB) enviou a todas as dioceses do Brasil, em parceria com a Editora Paulinas, o material [livreto e cartaz] para a comemora\u00e7\u00e3o do 45\u00ba Dia Mundial da Comunica\u00e7\u00e3o (DMC), cujo tema este ano \u00e9 \u201cVerdade, an\u00fancio e autenticidade de vida, na era digital\u201d. &hellip;<\/p>\n<p class=\"read-more\"> <a class=\"\" href=\"https:\/\/www.cnbb.org.br\/material-para-o-45o-dia-mundial-da-comunicacao-e-enviado-a-todas-as-dioceses-do-brasil\/\"> <span class=\"screen-reader-text\">Material para o 45\u00ba Dia Mundial da Comunica\u00e7\u00e3o \u00e9 enviado a todas as dioceses do Brasil<\/span> Leia mais &raquo;<\/a><\/p>\n","protected":false},"author":83,"featured_media":14903,"comment_status":"open","ping_status":"open","sticky":false,"template":"","format":"standard","meta":{"site-sidebar-layout":"default","site-content-layout":"default","ast-global-header-display":"","ast-banner-title-visibility":"","ast-main-header-display":"","ast-hfb-above-header-display":"","ast-hfb-below-header-display":"","ast-hfb-mobile-header-display":"","site-post-title":"","ast-breadcrumbs-content":"","ast-featured-img":"","footer-sml-layout":"","theme-transparent-header-meta":"","adv-header-id-meta":"","stick-header-meta":"","header-above-stick-meta":"","header-main-stick-meta":"","header-below-stick-meta":""},"categories":[1],"tags":[],"acf":[],"_links":{"self":[{"href":"https:\/\/www.cnbb.org.br\/cnbb-app\/wp\/v2\/posts\/14902"}],"collection":[{"href":"https:\/\/www.cnbb.org.br\/cnbb-app\/wp\/v2\/posts"}],"about":[{"href":"https:\/\/www.cnbb.org.br\/cnbb-app\/wp\/v2\/types\/post"}],"author":[{"embeddable":true,"href":"https:\/\/www.cnbb.org.br\/cnbb-app\/wp\/v2\/users\/83"}],"replies":[{"embeddable":true,"href":"https:\/\/www.cnbb.org.br\/cnbb-app\/wp\/v2\/comments?post=14902"}],"version-history":[{"count":0,"href":"https:\/\/www.cnbb.org.br\/cnbb-app\/wp\/v2\/posts\/14902\/revisions"}],"wp:featuredmedia":[{"embeddable":true,"href":"https:\/\/www.cnbb.org.br\/cnbb-app\/wp\/v2\/media\/14903"}],"wp:attachment":[{"href":"https:\/\/www.cnbb.org.br\/cnbb-app\/wp\/v2\/media?parent=14902"}],"wp:term":[{"taxonomy":"category","embeddable":true,"href":"https:\/\/www.cnbb.org.br\/cnbb-app\/wp\/v2\/categories?post=14902"},{"taxonomy":"post_tag","embeddable":true,"href":"https:\/\/www.cnbb.org.br\/cnbb-app\/wp\/v2\/tags?post=14902"}],"curies":[{"name":"wp","href":"https:\/\/api.w.org\/{rel}","templated":true}]}}