{"id":14921,"date":"2011-04-06T00:00:00","date_gmt":"2011-04-06T03:00:00","guid":{"rendered":"https:\/\/www.cnbb.org.br\/pascom-da-diocese-de-petropolis-realiza-1o-mutirao-de-comunicacao\/"},"modified":"2011-04-06T00:00:00","modified_gmt":"2011-04-06T03:00:00","slug":"pascom-da-diocese-de-petropolis-realiza-1o-mutirao-de-comunicacao","status":"publish","type":"post","link":"https:\/\/www.cnbb.org.br\/pascom-da-diocese-de-petropolis-realiza-1o-mutirao-de-comunicacao\/","title":{"rendered":"Pascom da diocese de Petr\u00f3polis realiza 1\u00ba Mutir\u00e3o de Comunica\u00e7\u00e3o"},"content":{"rendered":"<p style=\"text-align: justify\">A Pastoral da Comunica\u00e7\u00e3o da diocese de Petr\u00f3polis (RJ) promove nos dias 9 e 10, o 1\u00ba Mutir\u00e3o de Comunica\u00e7\u00e3o, com o tema \u201cA comunica\u00e7\u00e3o deve promover a comunh\u00e3o na miss\u00e3o da Igreja\u201d. O encontro acontecer\u00e1 na Casa de Retiro Cefas, e vai reunir mais de 80 pessoas, representando as 43 par\u00f3quias da diocese.<\/p>\n<p><!--more--><\/p>\n<p style=\"text-align: justify\">O bispo de Petr\u00f3polis, dom Filippo Santoro e o bispo auxiliar da arquidiocese do Rio, dom Ant\u00f4nio Augusto, participam do Mutir\u00e3o de Comunica\u00e7\u00e3o, al\u00e9m de profissionais das \u00e1reas de r\u00e1dio, tv, marketing e jornal, que v\u00e3o coordenar oficinas sobre estes temas.<\/p>\n<p style=\"text-align: justify\">O secret\u00e1rio-executivo da Pascom na diocese, padre Alexandre Brand\u00e3o, disse que este encontro marca o in\u00edcio de um novo trabalho da Pastoral da Comunica\u00e7\u00e3o na diocese, que hoje conta com v\u00e1rios instrumentos de comunica\u00e7\u00e3o, entre eles a Revista A\u00e7\u00e3o e o programa Ecclesia \u2013 Igreja em Foco, que vai ao ar toda segunda-feira, \u00e0s 20h30, pela TV Vila Imperial, \u00f3rg\u00e3os oficiais de comunica\u00e7\u00e3o da diocese.<\/p>\n<p style=\"text-align: justify\">O Mutir\u00e3o tem in\u00edcio no s\u00e1bado, \u00e0s 8h30, quando ser\u00e1 debatido o tema \u201cA Comunica\u00e7\u00e3o hoje &#8211; aspectos teol\u00f3gicos, pastorais e sociais\u201d, que ser\u00e1 apresentado pelo padre Alexandre Brand\u00e3o. Ainda na manh\u00e3 de s\u00e1bado acontece a mesa redonda com o tema \u201cAs rela\u00e7\u00f5es humanas no contexto da Comunica\u00e7\u00e3o Social\u201d. Neste dia, no per\u00edodo da tarde acontece as oficinas sobre Jornal, com o jornalista Rog\u00e9rio Tosta; R\u00e1dio, com o diretor da R\u00e1dio Imperial, padre Jac; TV, com o diretor da TV Vila Imperial, Ronaldo Saldanha; e Internet, com o jovem Alexandre. Dom Filippo celebra a missa \u00e0s 17h30 e \u00e0 noite, depois do jantar, acontece o momento cultural.<\/p>\n<p style=\"text-align: justify\">No domingo, 10, pela manh\u00e3 acontece a missa e adora\u00e7\u00e3o ao Sant\u00edssimo. Em seguida, \u00e0s 10h, acontece a palestra \u201cFam\u00edlia, juventude, di\u00e1logo e as redes sociais\u201d, apresentado pelo bispo auxiliar da arquidiocese do Rio, dom Ant\u00f4nio Augusto Dias Duarte. Na parte da tarde, encerrando o Mutir\u00e3o acontece as oficinas de fotografia, produ\u00e7\u00e3o em v\u00eddeo, diagrama\u00e7\u00e3o de jornal e marketing na Igreja. O Mutir\u00e3o de Comunica\u00e7\u00e3o da diocese de Petr\u00f3polis ser\u00e1 encerrado com uma assembleia com os representantes das par\u00f3quias, para que apresentem sugest\u00f5es para o trabalho ao longo do ano.<\/p>\n","protected":false},"excerpt":{"rendered":"<p>A Pastoral da Comunica\u00e7\u00e3o da diocese de Petr\u00f3polis (RJ) promove nos dias 9 e 10, o 1\u00ba Mutir\u00e3o de Comunica\u00e7\u00e3o, com o tema \u201cA comunica\u00e7\u00e3o deve promover a comunh\u00e3o na miss\u00e3o da Igreja\u201d. O encontro acontecer\u00e1 na Casa de Retiro Cefas, e vai reunir mais de 80 pessoas, representando as 43 par\u00f3quias da diocese.<\/p>\n","protected":false},"author":83,"featured_media":0,"comment_status":"open","ping_status":"open","sticky":false,"template":"","format":"standard","meta":{"site-sidebar-layout":"default","site-content-layout":"default","ast-global-header-display":"","ast-banner-title-visibility":"","ast-main-header-display":"","ast-hfb-above-header-display":"","ast-hfb-below-header-display":"","ast-hfb-mobile-header-display":"","site-post-title":"","ast-breadcrumbs-content":"","ast-featured-img":"","footer-sml-layout":"","theme-transparent-header-meta":"","adv-header-id-meta":"","stick-header-meta":"","header-above-stick-meta":"","header-main-stick-meta":"","header-below-stick-meta":""},"categories":[1],"tags":[],"acf":[],"_links":{"self":[{"href":"https:\/\/www.cnbb.org.br\/cnbb-app\/wp\/v2\/posts\/14921"}],"collection":[{"href":"https:\/\/www.cnbb.org.br\/cnbb-app\/wp\/v2\/posts"}],"about":[{"href":"https:\/\/www.cnbb.org.br\/cnbb-app\/wp\/v2\/types\/post"}],"author":[{"embeddable":true,"href":"https:\/\/www.cnbb.org.br\/cnbb-app\/wp\/v2\/users\/83"}],"replies":[{"embeddable":true,"href":"https:\/\/www.cnbb.org.br\/cnbb-app\/wp\/v2\/comments?post=14921"}],"version-history":[{"count":0,"href":"https:\/\/www.cnbb.org.br\/cnbb-app\/wp\/v2\/posts\/14921\/revisions"}],"wp:attachment":[{"href":"https:\/\/www.cnbb.org.br\/cnbb-app\/wp\/v2\/media?parent=14921"}],"wp:term":[{"taxonomy":"category","embeddable":true,"href":"https:\/\/www.cnbb.org.br\/cnbb-app\/wp\/v2\/categories?post=14921"},{"taxonomy":"post_tag","embeddable":true,"href":"https:\/\/www.cnbb.org.br\/cnbb-app\/wp\/v2\/tags?post=14921"}],"curies":[{"name":"wp","href":"https:\/\/api.w.org\/{rel}","templated":true}]}}