{"id":14922,"date":"2011-04-06T00:00:00","date_gmt":"2011-04-06T03:00:00","guid":{"rendered":"https:\/\/www.cnbb.org.br\/diocese-de-guanhaes-atualiza-sistema-de-comunicacao\/"},"modified":"2011-04-06T00:00:00","modified_gmt":"2011-04-06T03:00:00","slug":"diocese-de-guanhaes-atualiza-sistema-de-comunicacao","status":"publish","type":"post","link":"https:\/\/www.cnbb.org.br\/diocese-de-guanhaes-atualiza-sistema-de-comunicacao\/","title":{"rendered":"Diocese de Guanh\u00e3es atualiza sistema de comunica\u00e7\u00e3o"},"content":{"rendered":"<p style=\"text-align: justify\">A diocese de Guanh\u00e3es (MG) tem trabalhado para atualizar seu sistema de comunica\u00e7\u00e3o para melhor informar a Igreja e a sociedade sobre suas atividades. Com a cria\u00e7\u00e3o da equipe diocesana da Pastoral da Comunica\u00e7\u00e3o (Pascom) esse trabalho foi acentuado.<\/p>\n<p><!--more--><\/p>\n<p style=\"text-align: justify\">O Jornal Folha Diocesana passou por uma renova\u00e7\u00e3o do seu projeto gr\u00e1fico, a R\u00e1dio Vida Nova FM (15 anos no ar) tamb\u00e9m teve renova\u00e7\u00e3o estrutural. Com o objetivo de promover informa\u00e7\u00e3o e entretenimento, o site tamb\u00e9m passou por uma estrutura\u00e7\u00e3o.<\/p>\n<p style=\"text-align: justify\">No novo site da diocese est\u00e3o dispon\u00edveis o Jornal Folha Diocesana, os Roteiros para os Grupos de Reflex\u00e3o, que s\u00e3o cartilhas para c\u00edrculos b\u00edblicos, produzidos na pr\u00f3pria Diocese, e links de acesso a sites e blogs relacionados com a miss\u00e3o evangelizadora desta Igreja Diocesana. O site da Diocese de Guanh\u00e3es est\u00e1 dispon\u00edvel em: <a title=\"link\" href=\"http:\/\/www.diocesedeguanhaes.com.br\" target=\"_blank\" rel=\"noopener\"><span style=\"text-decoration: underline\"><span style=\"color: #ff0000\"><em>www.diocesedeguanhaes.com.br<\/em><\/span><\/span><\/a><\/p>\n","protected":false},"excerpt":{"rendered":"<p>A diocese de Guanh\u00e3es (MG) tem trabalhado para atualizar seu sistema de comunica\u00e7\u00e3o para melhor informar a Igreja e a sociedade sobre suas atividades. Com a cria\u00e7\u00e3o da equipe diocesana da Pastoral da Comunica\u00e7\u00e3o (Pascom) esse trabalho foi acentuado.<\/p>\n","protected":false},"author":83,"featured_media":14923,"comment_status":"open","ping_status":"open","sticky":false,"template":"","format":"standard","meta":{"site-sidebar-layout":"default","site-content-layout":"default","ast-global-header-display":"","ast-banner-title-visibility":"","ast-main-header-display":"","ast-hfb-above-header-display":"","ast-hfb-below-header-display":"","ast-hfb-mobile-header-display":"","site-post-title":"","ast-breadcrumbs-content":"","ast-featured-img":"","footer-sml-layout":"","theme-transparent-header-meta":"","adv-header-id-meta":"","stick-header-meta":"","header-above-stick-meta":"","header-main-stick-meta":"","header-below-stick-meta":""},"categories":[1],"tags":[],"acf":[],"_links":{"self":[{"href":"https:\/\/www.cnbb.org.br\/cnbb-app\/wp\/v2\/posts\/14922"}],"collection":[{"href":"https:\/\/www.cnbb.org.br\/cnbb-app\/wp\/v2\/posts"}],"about":[{"href":"https:\/\/www.cnbb.org.br\/cnbb-app\/wp\/v2\/types\/post"}],"author":[{"embeddable":true,"href":"https:\/\/www.cnbb.org.br\/cnbb-app\/wp\/v2\/users\/83"}],"replies":[{"embeddable":true,"href":"https:\/\/www.cnbb.org.br\/cnbb-app\/wp\/v2\/comments?post=14922"}],"version-history":[{"count":0,"href":"https:\/\/www.cnbb.org.br\/cnbb-app\/wp\/v2\/posts\/14922\/revisions"}],"wp:featuredmedia":[{"embeddable":true,"href":"https:\/\/www.cnbb.org.br\/cnbb-app\/wp\/v2\/media\/14923"}],"wp:attachment":[{"href":"https:\/\/www.cnbb.org.br\/cnbb-app\/wp\/v2\/media?parent=14922"}],"wp:term":[{"taxonomy":"category","embeddable":true,"href":"https:\/\/www.cnbb.org.br\/cnbb-app\/wp\/v2\/categories?post=14922"},{"taxonomy":"post_tag","embeddable":true,"href":"https:\/\/www.cnbb.org.br\/cnbb-app\/wp\/v2\/tags?post=14922"}],"curies":[{"name":"wp","href":"https:\/\/api.w.org\/{rel}","templated":true}]}}