{"id":14936,"date":"2011-04-25T00:00:00","date_gmt":"2011-04-25T03:00:00","guid":{"rendered":"https:\/\/www.cnbb.org.br\/arquidiocese-de-fortaleza-promove-oficina-de-comunicacao-para-agentes-de-pastorais\/"},"modified":"2011-04-25T00:00:00","modified_gmt":"2011-04-25T03:00:00","slug":"arquidiocese-de-fortaleza-promove-oficina-de-comunicacao-para-agentes-de-pastorais","status":"publish","type":"post","link":"https:\/\/www.cnbb.org.br\/arquidiocese-de-fortaleza-promove-oficina-de-comunicacao-para-agentes-de-pastorais\/","title":{"rendered":"Arquidiocese de Fortaleza promove oficina de comunica\u00e7\u00e3o para agentes de pastorais"},"content":{"rendered":"<p style=\"text-align: justify\">A Regi\u00e3o Episcopal Nossa Senhora da Concei\u00e7\u00e3o, da arquidiocese de Fortaleza (CE) realiza nos dias 30 de abril e 7 de maio, a Oficina de Comunica\u00e7\u00e3o para agentes de pastorais. O objetivo \u00e9 orientar os participantes para a produ\u00e7\u00e3o de not\u00edcias.<\/p>\n<p><!--more--><\/p>\n<p style=\"text-align: justify\">Para a assessora, Alessandra Silva, as par\u00f3quias e \u00e1reas pastorais precisam perceber os meios de comunica\u00e7\u00e3o como instrumentos para evangeliza\u00e7\u00e3o. Ressalta a import\u00e2ncia de capacita\u00e7\u00f5es para o uso e produ\u00e7\u00e3o de conte\u00fado. \u201cN\u00f3s como Igreja precisamos, come\u00e7ar a utilizar os meios de comunica\u00e7\u00e3o, principalmente a internet, como ferramenta no processo de evangeliza\u00e7\u00e3o. Mas, para isso, \u00e9 necess\u00e1rio forma\u00e7\u00e3o. Precisamos sair do improviso e oferecer qualidade\u201d, comenta.<\/p>\n<p style=\"text-align: justify\">O encontro \u00e9 gratuito, destinado a todos os leigos, padres, religiosos, das par\u00f3quias e \u00c1reas Pastorais da Regi\u00e3o N. S. da Concei\u00e7\u00e3o e \u00e9 aberto \u00e0 participa\u00e7\u00e3o de pessoas das demais Regi\u00f5es Episcopais da arquidiocese. A forma\u00e7\u00e3o acontece no Centro de Forma\u00e7\u00e3o D. Alo\u00edsio Lorscheider, de 14h30 \u00e0s 16h30.<\/p>\n<p style=\"text-align: justify\">Mais informa\u00e7\u00f5es: (85) 3274.2588 \/ 8833-7983 \u2013 Falar com Jocelio Sousa<\/p>\n","protected":false},"excerpt":{"rendered":"<p>A Regi\u00e3o Episcopal Nossa Senhora da Concei\u00e7\u00e3o, da arquidiocese de Fortaleza (CE) realiza nos dias 30 de abril e 7 de maio, a Oficina de Comunica\u00e7\u00e3o para agentes de pastorais. O objetivo \u00e9 orientar os participantes para a produ\u00e7\u00e3o de not\u00edcias.<\/p>\n","protected":false},"author":83,"featured_media":14937,"comment_status":"open","ping_status":"open","sticky":false,"template":"","format":"standard","meta":{"site-sidebar-layout":"default","site-content-layout":"default","ast-global-header-display":"","ast-banner-title-visibility":"","ast-main-header-display":"","ast-hfb-above-header-display":"","ast-hfb-below-header-display":"","ast-hfb-mobile-header-display":"","site-post-title":"","ast-breadcrumbs-content":"","ast-featured-img":"","footer-sml-layout":"","theme-transparent-header-meta":"","adv-header-id-meta":"","stick-header-meta":"","header-above-stick-meta":"","header-main-stick-meta":"","header-below-stick-meta":""},"categories":[1],"tags":[],"acf":[],"_links":{"self":[{"href":"https:\/\/www.cnbb.org.br\/cnbb-app\/wp\/v2\/posts\/14936"}],"collection":[{"href":"https:\/\/www.cnbb.org.br\/cnbb-app\/wp\/v2\/posts"}],"about":[{"href":"https:\/\/www.cnbb.org.br\/cnbb-app\/wp\/v2\/types\/post"}],"author":[{"embeddable":true,"href":"https:\/\/www.cnbb.org.br\/cnbb-app\/wp\/v2\/users\/83"}],"replies":[{"embeddable":true,"href":"https:\/\/www.cnbb.org.br\/cnbb-app\/wp\/v2\/comments?post=14936"}],"version-history":[{"count":0,"href":"https:\/\/www.cnbb.org.br\/cnbb-app\/wp\/v2\/posts\/14936\/revisions"}],"wp:featuredmedia":[{"embeddable":true,"href":"https:\/\/www.cnbb.org.br\/cnbb-app\/wp\/v2\/media\/14937"}],"wp:attachment":[{"href":"https:\/\/www.cnbb.org.br\/cnbb-app\/wp\/v2\/media?parent=14936"}],"wp:term":[{"taxonomy":"category","embeddable":true,"href":"https:\/\/www.cnbb.org.br\/cnbb-app\/wp\/v2\/categories?post=14936"},{"taxonomy":"post_tag","embeddable":true,"href":"https:\/\/www.cnbb.org.br\/cnbb-app\/wp\/v2\/tags?post=14936"}],"curies":[{"name":"wp","href":"https:\/\/api.w.org\/{rel}","templated":true}]}}