{"id":14939,"date":"2011-05-02T00:00:00","date_gmt":"2011-05-02T03:00:00","guid":{"rendered":"https:\/\/www.cnbb.org.br\/aberta-a-xi-semana-da-comunicacao-em-santarem\/"},"modified":"2011-05-02T00:00:00","modified_gmt":"2011-05-02T03:00:00","slug":"aberta-a-xi-semana-da-comunicacao-em-santarem","status":"publish","type":"post","link":"https:\/\/www.cnbb.org.br\/aberta-a-xi-semana-da-comunicacao-em-santarem\/","title":{"rendered":"Aberta a XI Semana da Comunica\u00e7\u00e3o em Santar\u00e9m"},"content":{"rendered":"<p style=\"text-align: justify\">A diocese de Santar\u00e9m (PA) abriu no s\u00e1bado, 30, sua XI Semana da Comunica\u00e7\u00e3o, em Urumanduba, interior de Santar\u00e9m, com uma missa presidida pelo padre Leonardo Gade.\u00a0 A celebra\u00e7\u00e3o homenageou ainda os trabalhadores, lembrando do dia do trabalhador, comemorado no ontem.<\/p>\n<p><!--more--><\/p>\n<p style=\"text-align: justify\">Organizada pela Pastoral da Comunica\u00e7\u00e3o (Pascom), a Semana de Comunica\u00e7\u00e3o discute o tema \u201cIgreja, Comunica\u00e7\u00e3o e Miss\u00e3o\u201d com o objetivo de \u201ccontribuir com o processo da Miss\u00e3o Diocesana de Evangeliza\u00e7\u00e3o\u201d.<\/p>\n<p>No s\u00e1bado, houve show cultural e festa S\u00e3o Jos\u00e9 Oper\u00e1rio. Ontem, houve uma oficina sobre comunica\u00e7\u00e3o e rela\u00e7\u00f5es Humanas na comunidade de Jaderl\u00e2ndia e amanh\u00e3, 2, ser\u00e1 realizado o Encontro sobre Pascom e Miss\u00e3o na Igreja Nossa Senhora do Livramento organizado pela Pascom da Regi\u00e3o 2. O evento contar\u00e1 com a presen\u00e7a da CEBs, equipes da Pascom e com os grupos das comunidades.<\/p>\n<p style=\"text-align: justify\"><a href=\"http:\/\/cnbbjoomla.sitesparresia.com\/wp-content\/uploads\/sites\/85\/2011\/05\/Folder_com_Programao.pdf\" target=\"_blank\" rel=\"noopener\">Confira a programa\u00e7\u00e3o da Semana<\/a><\/p>\n","protected":false},"excerpt":{"rendered":"<p>A diocese de Santar\u00e9m (PA) abriu no s\u00e1bado, 30, sua XI Semana da Comunica\u00e7\u00e3o, em Urumanduba, interior de Santar\u00e9m, com uma missa presidida pelo padre Leonardo Gade.\u00a0 A celebra\u00e7\u00e3o homenageou ainda os trabalhadores, lembrando do dia do trabalhador, comemorado no ontem.<\/p>\n","protected":false},"author":83,"featured_media":14940,"comment_status":"open","ping_status":"open","sticky":false,"template":"","format":"standard","meta":{"site-sidebar-layout":"default","site-content-layout":"default","ast-global-header-display":"","ast-banner-title-visibility":"","ast-main-header-display":"","ast-hfb-above-header-display":"","ast-hfb-below-header-display":"","ast-hfb-mobile-header-display":"","site-post-title":"","ast-breadcrumbs-content":"","ast-featured-img":"","footer-sml-layout":"","theme-transparent-header-meta":"","adv-header-id-meta":"","stick-header-meta":"","header-above-stick-meta":"","header-main-stick-meta":"","header-below-stick-meta":""},"categories":[1],"tags":[],"acf":[],"_links":{"self":[{"href":"https:\/\/www.cnbb.org.br\/cnbb-app\/wp\/v2\/posts\/14939"}],"collection":[{"href":"https:\/\/www.cnbb.org.br\/cnbb-app\/wp\/v2\/posts"}],"about":[{"href":"https:\/\/www.cnbb.org.br\/cnbb-app\/wp\/v2\/types\/post"}],"author":[{"embeddable":true,"href":"https:\/\/www.cnbb.org.br\/cnbb-app\/wp\/v2\/users\/83"}],"replies":[{"embeddable":true,"href":"https:\/\/www.cnbb.org.br\/cnbb-app\/wp\/v2\/comments?post=14939"}],"version-history":[{"count":0,"href":"https:\/\/www.cnbb.org.br\/cnbb-app\/wp\/v2\/posts\/14939\/revisions"}],"wp:featuredmedia":[{"embeddable":true,"href":"https:\/\/www.cnbb.org.br\/cnbb-app\/wp\/v2\/media\/14940"}],"wp:attachment":[{"href":"https:\/\/www.cnbb.org.br\/cnbb-app\/wp\/v2\/media?parent=14939"}],"wp:term":[{"taxonomy":"category","embeddable":true,"href":"https:\/\/www.cnbb.org.br\/cnbb-app\/wp\/v2\/categories?post=14939"},{"taxonomy":"post_tag","embeddable":true,"href":"https:\/\/www.cnbb.org.br\/cnbb-app\/wp\/v2\/tags?post=14939"}],"curies":[{"name":"wp","href":"https:\/\/api.w.org\/{rel}","templated":true}]}}