{"id":14944,"date":"2011-05-06T00:00:00","date_gmt":"2011-05-06T03:00:00","guid":{"rendered":"https:\/\/www.cnbb.org.br\/49o-aprovada-a-criacao-da-comissao-para-a-comunicacao\/"},"modified":"2011-05-06T00:00:00","modified_gmt":"2011-05-06T03:00:00","slug":"49o-aprovada-a-criacao-da-comissao-para-a-comunicacao","status":"publish","type":"post","link":"https:\/\/www.cnbb.org.br\/49o-aprovada-a-criacao-da-comissao-para-a-comunicacao\/","title":{"rendered":"49\u00aa: Aprovada a cria\u00e7\u00e3o da Comiss\u00e3o para a Comunica\u00e7\u00e3o"},"content":{"rendered":"<p style=\"text-align: justify\">Os bispos da 49\u00aa Assembleia da CNBB aprovaram, na manh\u00e3 de hoje, 6, o desmembramento do Setor de Comunica\u00e7\u00e3o Social da Comiss\u00e3o Episcopal Pastoral para a Educa\u00e7\u00e3o, Cultura e Comunica\u00e7\u00e3o tornando-se uma Comiss\u00e3o espec\u00edfica. A proposta j\u00e1 havia sido aprovada pelos Conselhos Pastoral e Permanente da CNBB.<\/p>\n<p><!--more--><\/p>\n<p style=\"text-align: justify\">Ontem, 5, os bispos j\u00e1 haviam aprovado a cria\u00e7\u00e3o tamb\u00e9m da Comiss\u00e3o para a Juventude. Com esta decis\u00e3o, sobe para 12 o n\u00famero de Comiss\u00f5es Episcopais Pastorais, que formam o Conselho Episcopal Pastoral (Consep) da CNBB.<\/p>\n<p style=\"text-align: justify\"><img decoding=\"async\" loading=\"lazy\" class=\" alignleft size-full wp-image-9577\" style=\"float: left\" src=\"https:\/\/www.cnbb.org.br\/wp-content\/uploads\/2020\/03\/dom_orani_aprovacao_comissao49AG.jpg\" alt=\"dom_orani_aprovacao_comissao49AG\" width=\"291\" height=\"214\" \/>A nova Comiss\u00e3o Episcopal Pastoral para a Comunica\u00e7\u00e3o ser\u00e1 composta por tr\u00eas bispos. \u201cA CNBB j\u00e1 mereceria uma comiss\u00e3o espec\u00edfica para a comunica\u00e7\u00e3o devido \u00e0 import\u00e2ncia da comunica\u00e7\u00e3o na Igreja e na sociedade. A comiss\u00e3o facilitar\u00e1 a interface com a assessoria de imprensa da CNBB, com a Pastoral da Comunica\u00e7\u00e3o e outros organismos. Chegou o momento de a comunica\u00e7\u00e3o ter sua comiss\u00e3o. Com isso o trabalho passa a ser mais dinamizado\u201d, disse o presidente da atual Comiss\u00e3o para a Educa\u00e7\u00e3o, Cultura e Comunica\u00e7\u00e3o Social da CNBB, dom Orani Jo\u00e3o Tempesta.<\/p>\n","protected":false},"excerpt":{"rendered":"<p>Os bispos da 49\u00aa Assembleia da CNBB aprovaram, na manh\u00e3 de hoje, 6, o desmembramento do Setor de Comunica\u00e7\u00e3o Social da Comiss\u00e3o Episcopal Pastoral para a Educa\u00e7\u00e3o, Cultura e Comunica\u00e7\u00e3o tornando-se uma Comiss\u00e3o espec\u00edfica. A proposta j\u00e1 havia sido aprovada pelos Conselhos Pastoral e Permanente da CNBB.<\/p>\n","protected":false},"author":83,"featured_media":14945,"comment_status":"open","ping_status":"open","sticky":false,"template":"","format":"standard","meta":{"site-sidebar-layout":"default","site-content-layout":"default","ast-global-header-display":"","ast-banner-title-visibility":"","ast-main-header-display":"","ast-hfb-above-header-display":"","ast-hfb-below-header-display":"","ast-hfb-mobile-header-display":"","site-post-title":"","ast-breadcrumbs-content":"","ast-featured-img":"","footer-sml-layout":"","theme-transparent-header-meta":"","adv-header-id-meta":"","stick-header-meta":"","header-above-stick-meta":"","header-main-stick-meta":"","header-below-stick-meta":""},"categories":[1],"tags":[],"acf":[],"_links":{"self":[{"href":"https:\/\/www.cnbb.org.br\/cnbb-app\/wp\/v2\/posts\/14944"}],"collection":[{"href":"https:\/\/www.cnbb.org.br\/cnbb-app\/wp\/v2\/posts"}],"about":[{"href":"https:\/\/www.cnbb.org.br\/cnbb-app\/wp\/v2\/types\/post"}],"author":[{"embeddable":true,"href":"https:\/\/www.cnbb.org.br\/cnbb-app\/wp\/v2\/users\/83"}],"replies":[{"embeddable":true,"href":"https:\/\/www.cnbb.org.br\/cnbb-app\/wp\/v2\/comments?post=14944"}],"version-history":[{"count":0,"href":"https:\/\/www.cnbb.org.br\/cnbb-app\/wp\/v2\/posts\/14944\/revisions"}],"wp:featuredmedia":[{"embeddable":true,"href":"https:\/\/www.cnbb.org.br\/cnbb-app\/wp\/v2\/media\/14945"}],"wp:attachment":[{"href":"https:\/\/www.cnbb.org.br\/cnbb-app\/wp\/v2\/media?parent=14944"}],"wp:term":[{"taxonomy":"category","embeddable":true,"href":"https:\/\/www.cnbb.org.br\/cnbb-app\/wp\/v2\/categories?post=14944"},{"taxonomy":"post_tag","embeddable":true,"href":"https:\/\/www.cnbb.org.br\/cnbb-app\/wp\/v2\/tags?post=14944"}],"curies":[{"name":"wp","href":"https:\/\/api.w.org\/{rel}","templated":true}]}}