{"id":14952,"date":"2011-05-20T00:00:00","date_gmt":"2011-05-20T03:00:00","guid":{"rendered":"https:\/\/www.cnbb.org.br\/em-encontro-arquidiocese-de-bh-refletira-realidade-da-pastoral-da-comunicacao\/"},"modified":"2011-05-20T00:00:00","modified_gmt":"2011-05-20T03:00:00","slug":"em-encontro-arquidiocese-de-bh-refletira-realidade-da-pastoral-da-comunicacao","status":"publish","type":"post","link":"https:\/\/www.cnbb.org.br\/em-encontro-arquidiocese-de-bh-refletira-realidade-da-pastoral-da-comunicacao\/","title":{"rendered":"Em encontro, arquidiocese de BH refletir\u00e1 realidade da Pastoral da Comunica\u00e7\u00e3o"},"content":{"rendered":"<p>&nbsp;<\/p>\n<p style=\"text-align: justify\">No pr\u00f3ximo dia 4 de junho, a arquidiocese de Belo Horizonte (MG) realizar\u00e1, na PUC &#8211; Minas Cora\u00e7\u00e3o Eucar\u00edstico, o e-Pascom, encontro que refletir\u00e1 a realidade da Pastoral da Comunica\u00e7\u00e3o (Pascom) nas par\u00f3quias, tendo como tema a mensagem do Papa Bento XVI para o 45\u00ba Dia das Comunica\u00e7\u00f5es, \u201cVerdade, An\u00fancio e Autenticidade na era digital\u201d.<\/p>\n<p><!--more--><\/p>\n<p style=\"text-align: justify\">Est\u00e3o programadas palestras e apresenta\u00e7\u00e3o de iniciativas de sucesso desenvolvidas por Pastorais da Comunica\u00e7\u00e3o. O objetivo \u00e9 contribuir para uma comunica\u00e7\u00e3o ainda mais atuante e eficiente nas par\u00f3quias, din\u00e2mica e em sintonia com os dias de hoje.<br \/>\nTodos os fieis, religiosos e seminaristas que se interessam por comunica\u00e7\u00e3o ou pretendem trabalhar na Pascom das par\u00f3quias est\u00e3o convidados a participar deste encontro.<\/p>\n","protected":false},"excerpt":{"rendered":"<p>&nbsp; No pr\u00f3ximo dia 4 de junho, a arquidiocese de Belo Horizonte (MG) realizar\u00e1, na PUC &#8211; Minas Cora\u00e7\u00e3o Eucar\u00edstico, o e-Pascom, encontro que refletir\u00e1 a realidade da Pastoral da Comunica\u00e7\u00e3o (Pascom) nas par\u00f3quias, tendo como tema a mensagem do Papa Bento XVI para o 45\u00ba Dia das Comunica\u00e7\u00f5es, \u201cVerdade, An\u00fancio e Autenticidade na era &hellip;<\/p>\n<p class=\"read-more\"> <a class=\"\" href=\"https:\/\/www.cnbb.org.br\/em-encontro-arquidiocese-de-bh-refletira-realidade-da-pastoral-da-comunicacao\/\"> <span class=\"screen-reader-text\">Em encontro, arquidiocese de BH refletir\u00e1 realidade da Pastoral da Comunica\u00e7\u00e3o<\/span> Leia mais &raquo;<\/a><\/p>\n","protected":false},"author":83,"featured_media":14953,"comment_status":"open","ping_status":"open","sticky":false,"template":"","format":"standard","meta":{"site-sidebar-layout":"default","site-content-layout":"default","ast-global-header-display":"","ast-banner-title-visibility":"","ast-main-header-display":"","ast-hfb-above-header-display":"","ast-hfb-below-header-display":"","ast-hfb-mobile-header-display":"","site-post-title":"","ast-breadcrumbs-content":"","ast-featured-img":"","footer-sml-layout":"","theme-transparent-header-meta":"","adv-header-id-meta":"","stick-header-meta":"","header-above-stick-meta":"","header-main-stick-meta":"","header-below-stick-meta":""},"categories":[1],"tags":[],"acf":[],"_links":{"self":[{"href":"https:\/\/www.cnbb.org.br\/cnbb-app\/wp\/v2\/posts\/14952"}],"collection":[{"href":"https:\/\/www.cnbb.org.br\/cnbb-app\/wp\/v2\/posts"}],"about":[{"href":"https:\/\/www.cnbb.org.br\/cnbb-app\/wp\/v2\/types\/post"}],"author":[{"embeddable":true,"href":"https:\/\/www.cnbb.org.br\/cnbb-app\/wp\/v2\/users\/83"}],"replies":[{"embeddable":true,"href":"https:\/\/www.cnbb.org.br\/cnbb-app\/wp\/v2\/comments?post=14952"}],"version-history":[{"count":0,"href":"https:\/\/www.cnbb.org.br\/cnbb-app\/wp\/v2\/posts\/14952\/revisions"}],"wp:featuredmedia":[{"embeddable":true,"href":"https:\/\/www.cnbb.org.br\/cnbb-app\/wp\/v2\/media\/14953"}],"wp:attachment":[{"href":"https:\/\/www.cnbb.org.br\/cnbb-app\/wp\/v2\/media?parent=14952"}],"wp:term":[{"taxonomy":"category","embeddable":true,"href":"https:\/\/www.cnbb.org.br\/cnbb-app\/wp\/v2\/categories?post=14952"},{"taxonomy":"post_tag","embeddable":true,"href":"https:\/\/www.cnbb.org.br\/cnbb-app\/wp\/v2\/tags?post=14952"}],"curies":[{"name":"wp","href":"https:\/\/api.w.org\/{rel}","templated":true}]}}