{"id":14960,"date":"2011-05-27T00:00:00","date_gmt":"2011-05-27T03:00:00","guid":{"rendered":"https:\/\/www.cnbb.org.br\/igreja-e-comunicacao\/"},"modified":"2011-05-27T00:00:00","modified_gmt":"2011-05-27T03:00:00","slug":"igreja-e-comunicacao","status":"publish","type":"post","link":"https:\/\/www.cnbb.org.br\/igreja-e-comunicacao\/","title":{"rendered":"Igreja e Comunica\u00e7\u00e3o"},"content":{"rendered":"<h4 style=\"text-align: right\">Dom Can\u00edsio Klaus<\/h4>\n<h4 style=\"text-align: right\"><\/h4>\n<h4 style=\"text-align: right\">Bispo de santa Cruz do Sul &#8211; RS<\/h4>\n<p style=\"text-align: justify\">No dia 5 de junho, a Igreja celebra o 45\u00b0 Dia Mundial das Comunica\u00e7\u00f5es Sociais. A data coincide com a festa da Ascens\u00e3o de Jesus.<\/p>\n<p><!--more--><\/p>\n<p style=\"text-align: justify\">Antes de voltar para o Pai, Jesus enviou os ap\u00f3stolos a fazerem disc\u00edpulos em todas as na\u00e7\u00f5es, \u201cbatizando em nome do Pai, do Filho e do Esp\u00edrito Santo\u201d (Mt 28,19). Nos primeiros tempos do cristianismo, o an\u00fancio foi feito atrav\u00e9s das viagens mission\u00e1rias dos ap\u00f3stolos, principalmente de Paulo e seus companheiros. Depois foi feito atrav\u00e9s das estruturas da Igreja, particularmente das congrega\u00e7\u00f5es religiosas, par\u00f3quias e comunidades. Com o advento da imprensa passou a ser feito atrav\u00e9s de jornais, livros e revistas. Mais tarde, a Igreja come\u00e7ou a difundir o evangelho tamb\u00e9m atrav\u00e9s de programas de r\u00e1dio e\u00a0 televis\u00e3o. Agora, chegou a hora de anunciar Jesus Cristo atrav\u00e9s da internet. \u00c9 a isso que acena o Papa Bento XVI em sua mensagem para o 45\u00b0 Dia Mundial das Comunica\u00e7\u00f5es Sociais, abordando o tema: \u201cVerdade, an\u00fancio e autenticidade de vida, na era digital\u201d.<\/p>\n<p style=\"text-align: justify\">Conforme Bento XVI, \u201cvai-se tornando cada vez mais comum a convic\u00e7\u00e3o de que, tal como a revolu\u00e7\u00e3o industrial produziu uma mudan\u00e7a profunda na sociedade atrav\u00e9s das novidades inseridas no ciclo de produ\u00e7\u00e3o e na vida dos trabalhadores, tamb\u00e9m hoje a profunda transforma\u00e7\u00e3o operada no campo das comunica\u00e7\u00f5es guia o fluxo de grandes mudan\u00e7as culturais e sociais\u201d. Frente a isso, o papa pede que \u201cas novas tecnologias da comunica\u00e7\u00e3o sejam postas ao servi\u00e7o do bem integral da pessoa e da humanidade inteira\u201d.<\/p>\n<p style=\"text-align: justify\">A comunica\u00e7\u00e3o na era digital implica em v\u00e1rios desafios para a Igreja, entre os quais podemos destacar: superar o medo frente \u00e0 comunica\u00e7\u00e3o digital; qualificar pessoas para atuarem neste universo; garantir as rela\u00e7\u00f5es humanas diretas na transmiss\u00e3o da f\u00e9; manter o testemunho coerente \u201cno pr\u00f3prio perfil digital e no modo de comunicar escolhas, prefer\u00eancias, ju\u00edzos\u201d.<\/p>\n<p style=\"text-align: justify\">Para n\u00e3o deixar d\u00favidas sobre a posi\u00e7\u00e3o da Igreja, o papa convida \u201cos crist\u00e3os a unirem-se confiadamente e com criatividade consciente e respons\u00e1vel na rede de rela\u00e7\u00f5es que a era digital tornou poss\u00edvel\u201d. Mais adiante afirma que \u201csomos chamados a anunciar, neste campo tamb\u00e9m, a nossa f\u00e9\u201d.<\/p>\n<p style=\"text-align: justify\">Por ocasi\u00e3o do 45\u00b0 Dia Mundial das Comunica\u00e7\u00f5es Sociais, saudamos, com carinho, aos agentes da Comunica\u00e7\u00e3o Social. Sobre eles invocamos, por intercess\u00e3o do Patrono S\u00e3o Francisco de Sales, a ben\u00e7\u00e3o de Deus, convidando-os a desempenharem o seu trabalho com profissionalismo e no respeito \u00e0 dignidade da pessoa humana.<\/p>\n","protected":false},"excerpt":{"rendered":"<p>Dom Can\u00edsio Klaus Bispo de santa Cruz do Sul &#8211; RS No dia 5 de junho, a Igreja celebra o 45\u00b0 Dia Mundial das Comunica\u00e7\u00f5es Sociais. A data coincide com a festa da Ascens\u00e3o de Jesus.<\/p>\n","protected":false},"author":83,"featured_media":0,"comment_status":"open","ping_status":"open","sticky":false,"template":"","format":"standard","meta":{"site-sidebar-layout":"default","site-content-layout":"default","ast-global-header-display":"","ast-banner-title-visibility":"","ast-main-header-display":"","ast-hfb-above-header-display":"","ast-hfb-below-header-display":"","ast-hfb-mobile-header-display":"","site-post-title":"","ast-breadcrumbs-content":"","ast-featured-img":"","footer-sml-layout":"","theme-transparent-header-meta":"","adv-header-id-meta":"","stick-header-meta":"","header-above-stick-meta":"","header-main-stick-meta":"","header-below-stick-meta":""},"categories":[1],"tags":[],"acf":[],"_links":{"self":[{"href":"https:\/\/www.cnbb.org.br\/cnbb-app\/wp\/v2\/posts\/14960"}],"collection":[{"href":"https:\/\/www.cnbb.org.br\/cnbb-app\/wp\/v2\/posts"}],"about":[{"href":"https:\/\/www.cnbb.org.br\/cnbb-app\/wp\/v2\/types\/post"}],"author":[{"embeddable":true,"href":"https:\/\/www.cnbb.org.br\/cnbb-app\/wp\/v2\/users\/83"}],"replies":[{"embeddable":true,"href":"https:\/\/www.cnbb.org.br\/cnbb-app\/wp\/v2\/comments?post=14960"}],"version-history":[{"count":0,"href":"https:\/\/www.cnbb.org.br\/cnbb-app\/wp\/v2\/posts\/14960\/revisions"}],"wp:attachment":[{"href":"https:\/\/www.cnbb.org.br\/cnbb-app\/wp\/v2\/media?parent=14960"}],"wp:term":[{"taxonomy":"category","embeddable":true,"href":"https:\/\/www.cnbb.org.br\/cnbb-app\/wp\/v2\/categories?post=14960"},{"taxonomy":"post_tag","embeddable":true,"href":"https:\/\/www.cnbb.org.br\/cnbb-app\/wp\/v2\/tags?post=14960"}],"curies":[{"name":"wp","href":"https:\/\/api.w.org\/{rel}","templated":true}]}}