{"id":14962,"date":"2011-05-31T00:00:00","date_gmt":"2011-05-31T03:00:00","guid":{"rendered":"https:\/\/www.cnbb.org.br\/diocese-de-guanhaes-realiza-cafe-da-manha-com-comunicadores\/"},"modified":"2020-04-19T17:26:54","modified_gmt":"2020-04-19T20:26:54","slug":"diocese-de-guanhaes-realiza-cafe-da-manha-com-comunicadores","status":"publish","type":"post","link":"https:\/\/www.cnbb.org.br\/diocese-de-guanhaes-realiza-cafe-da-manha-com-comunicadores\/","title":{"rendered":"Diocese de Guanh\u00e3es realiza caf\u00e9 da manh\u00e3 com comunicadores"},"content":{"rendered":"<p style=\"text-align: justify\">A diocese de Guanh\u00e3es (MG), atrav\u00e9s da Pastoral da Comunica\u00e7\u00e3o (Pascom), realizar\u00e1 no dia 5 de junho um caf\u00e9 da manh\u00e3 com agentes da Pastoral da Comunica\u00e7\u00e3o, professores, profissionais liberais e profissionais da imprensa das diversas m\u00eddias (r\u00e1dio, jornal, internet), para comemorar o 45\u00ba Dia Mundial das Comunica\u00e7\u00f5es. Al\u00e9m disso, a diocese quer suscitar a reflex\u00e3o em torno da mensagem do papa Bento XVI: \u201cVerdade, an\u00fancio e autenticidade de vida, na era digital\u201d.<\/p>\n<p><!--more--><\/p>\n<p style=\"text-align: justify\">Esse caf\u00e9 tem como objetivo proporcionar um espa\u00e7o para discuss\u00e3o a respeito do uso dos meios de comunica\u00e7\u00e3o, realizado por esses profissionais em seus respectivos locais de trabalho, nos 30 munic\u00edpios que comp\u00f5em a diocese.<\/p>\n<p style=\"text-align: justify\">Para aprofundar o conte\u00fado da mensagem escrita pelo papa em janeiro deste ano, a equipe diocesana da Pastoral da Comunica\u00e7\u00e3o conta com a assessoria do padre Ismar Dias de Matos, presb\u00edtero e professor de Filosofia e Cultura Religiosa na Pontif\u00edcia Universidade Cat\u00f3lica de Minas Gerais (PUC-Minas).<\/p>\n<p style=\"text-align: justify\">\u201cSeguindo o prop\u00f3sito de articular o servi\u00e7o de comunica\u00e7\u00e3o em toda diocese, formando a rede diocesana de comunicadores, o 3\u00ba Encontro de comunica\u00e7\u00e3o chega para ampliar o entendimento dos agentes da Pascom sobre os meios de comunica\u00e7\u00e3o em nossa sociedade\u201d, afirmou Lu\u00eds Carlos, coordenador da Pascom diocesana.<\/p>\n","protected":false},"excerpt":{"rendered":"<p>A diocese de Guanh\u00e3es (MG), atrav\u00e9s da Pastoral da Comunica\u00e7\u00e3o (Pascom), realizar\u00e1 no dia 5 de junho um caf\u00e9 da manh\u00e3 com agentes da Pastoral da Comunica\u00e7\u00e3o, professores, profissionais liberais e profissionais da imprensa das diversas m\u00eddias (r\u00e1dio, jornal, internet), para comemorar o 45\u00ba Dia Mundial das Comunica\u00e7\u00f5es. Al\u00e9m disso, a diocese quer suscitar a &hellip;<\/p>\n<p class=\"read-more\"> <a class=\"\" href=\"https:\/\/www.cnbb.org.br\/diocese-de-guanhaes-realiza-cafe-da-manha-com-comunicadores\/\"> <span class=\"screen-reader-text\">Diocese de Guanh\u00e3es realiza caf\u00e9 da manh\u00e3 com comunicadores<\/span> Leia mais &raquo;<\/a><\/p>\n","protected":false},"author":83,"featured_media":14963,"comment_status":"open","ping_status":"open","sticky":false,"template":"","format":"standard","meta":{"site-sidebar-layout":"default","site-content-layout":"default","ast-global-header-display":"","ast-banner-title-visibility":"","ast-main-header-display":"","ast-hfb-above-header-display":"","ast-hfb-below-header-display":"","ast-hfb-mobile-header-display":"","site-post-title":"","ast-breadcrumbs-content":"","ast-featured-img":"","footer-sml-layout":"","theme-transparent-header-meta":"","adv-header-id-meta":"","stick-header-meta":"","header-above-stick-meta":"","header-main-stick-meta":"","header-below-stick-meta":""},"categories":[878,1],"tags":[],"acf":[],"_links":{"self":[{"href":"https:\/\/www.cnbb.org.br\/cnbb-app\/wp\/v2\/posts\/14962"}],"collection":[{"href":"https:\/\/www.cnbb.org.br\/cnbb-app\/wp\/v2\/posts"}],"about":[{"href":"https:\/\/www.cnbb.org.br\/cnbb-app\/wp\/v2\/types\/post"}],"author":[{"embeddable":true,"href":"https:\/\/www.cnbb.org.br\/cnbb-app\/wp\/v2\/users\/83"}],"replies":[{"embeddable":true,"href":"https:\/\/www.cnbb.org.br\/cnbb-app\/wp\/v2\/comments?post=14962"}],"version-history":[{"count":0,"href":"https:\/\/www.cnbb.org.br\/cnbb-app\/wp\/v2\/posts\/14962\/revisions"}],"wp:featuredmedia":[{"embeddable":true,"href":"https:\/\/www.cnbb.org.br\/cnbb-app\/wp\/v2\/media\/14963"}],"wp:attachment":[{"href":"https:\/\/www.cnbb.org.br\/cnbb-app\/wp\/v2\/media?parent=14962"}],"wp:term":[{"taxonomy":"category","embeddable":true,"href":"https:\/\/www.cnbb.org.br\/cnbb-app\/wp\/v2\/categories?post=14962"},{"taxonomy":"post_tag","embeddable":true,"href":"https:\/\/www.cnbb.org.br\/cnbb-app\/wp\/v2\/tags?post=14962"}],"curies":[{"name":"wp","href":"https:\/\/api.w.org\/{rel}","templated":true}]}}