{"id":14967,"date":"2011-06-06T00:00:00","date_gmt":"2011-06-06T03:00:00","guid":{"rendered":"https:\/\/www.cnbb.org.br\/seminario-de-comunicacao-mobiliza-a-arquidiocese-de-curitiba\/"},"modified":"2011-06-06T00:00:00","modified_gmt":"2011-06-06T03:00:00","slug":"seminario-de-comunicacao-mobiliza-a-arquidiocese-de-curitiba","status":"publish","type":"post","link":"https:\/\/www.cnbb.org.br\/seminario-de-comunicacao-mobiliza-a-arquidiocese-de-curitiba\/","title":{"rendered":"Semin\u00e1rio de Comunica\u00e7\u00e3o mobiliza a arquidiocese de Curitiba"},"content":{"rendered":"<p style=\"text-align: justify\">A arquidiocese de Curitiba (PR) e a Associa\u00e7\u00e3o Evangelizar \u00e9 Preciso realizam, no dia 11, o Semin\u00e1rio de Comunica\u00e7\u00e3o. Com o tema \u201cComunica\u00e7\u00e3o e Evangeliza\u00e7\u00e3o\u201d, o encontro \u00e9 destinado aos agentes que trabalham na Pastoral da Comunica\u00e7\u00e3o (Pascom) das par\u00f3quias e ser\u00e1 no audit\u00f3rio da par\u00f3quia Nossa Senhora de Guadalupe, em Curitiba.<\/p>\n<p><!--more--><\/p>\n<p style=\"text-align: justify\">O curso visa capacitar profissionalmente os agentes paroquiais que atuam na comunica\u00e7\u00e3o de suas par\u00f3quias seja fotografando, por meio de sites, blogs ou informativos impressos, e os que j\u00e1 trabalham efetivamente com a Pascom. \u00c9 destinado tamb\u00e9m aos paroquianos que desejam implantar a Pastoral em suas comunidades.<\/p>\n<p style=\"text-align: justify\">A palestra sobre \u201cComunica\u00e7\u00e3o e Evangeliza\u00e7\u00e3o\u201d ser\u00e1 ministrada pelo jornalista Carlyle \u00c1vila, especialista em comunica\u00e7\u00e3o, diretor de programa\u00e7\u00e3o e produ\u00e7\u00e3o da Rede Paranaense de Comunica\u00e7\u00e3o (RPC). O evento tamb\u00e9m vai debater o papel da Pascom para as comunidades e mostrar exemplos de pastorais j\u00e1 implantadas.<\/p>\n<p style=\"text-align: justify\">A programa\u00e7\u00e3o tem in\u00edcio \u00e0s 8h e finaliza \u00e0s 13h. Informa\u00e7\u00f5es e inscri\u00e7\u00f5es pelo site da Associa\u00e7\u00e3o Evangelizar \u00e9 Preciso: www.padrereginaldomanzotti.org.br, pelo telefone do local: (41) 3221-6036, ou com o setor de Comunica\u00e7\u00e3o da arquidiocese: (41) 2105-6343. O evento \u00e9 gratuito.<\/p>\n","protected":false},"excerpt":{"rendered":"<p>A arquidiocese de Curitiba (PR) e a Associa\u00e7\u00e3o Evangelizar \u00e9 Preciso realizam, no dia 11, o Semin\u00e1rio de Comunica\u00e7\u00e3o. Com o tema \u201cComunica\u00e7\u00e3o e Evangeliza\u00e7\u00e3o\u201d, o encontro \u00e9 destinado aos agentes que trabalham na Pastoral da Comunica\u00e7\u00e3o (Pascom) das par\u00f3quias e ser\u00e1 no audit\u00f3rio da par\u00f3quia Nossa Senhora de Guadalupe, em Curitiba.<\/p>\n","protected":false},"author":83,"featured_media":14968,"comment_status":"open","ping_status":"open","sticky":false,"template":"","format":"standard","meta":{"site-sidebar-layout":"default","site-content-layout":"default","ast-global-header-display":"","ast-banner-title-visibility":"","ast-main-header-display":"","ast-hfb-above-header-display":"","ast-hfb-below-header-display":"","ast-hfb-mobile-header-display":"","site-post-title":"","ast-breadcrumbs-content":"","ast-featured-img":"","footer-sml-layout":"","theme-transparent-header-meta":"","adv-header-id-meta":"","stick-header-meta":"","header-above-stick-meta":"","header-main-stick-meta":"","header-below-stick-meta":""},"categories":[1],"tags":[],"acf":[],"_links":{"self":[{"href":"https:\/\/www.cnbb.org.br\/cnbb-app\/wp\/v2\/posts\/14967"}],"collection":[{"href":"https:\/\/www.cnbb.org.br\/cnbb-app\/wp\/v2\/posts"}],"about":[{"href":"https:\/\/www.cnbb.org.br\/cnbb-app\/wp\/v2\/types\/post"}],"author":[{"embeddable":true,"href":"https:\/\/www.cnbb.org.br\/cnbb-app\/wp\/v2\/users\/83"}],"replies":[{"embeddable":true,"href":"https:\/\/www.cnbb.org.br\/cnbb-app\/wp\/v2\/comments?post=14967"}],"version-history":[{"count":0,"href":"https:\/\/www.cnbb.org.br\/cnbb-app\/wp\/v2\/posts\/14967\/revisions"}],"wp:featuredmedia":[{"embeddable":true,"href":"https:\/\/www.cnbb.org.br\/cnbb-app\/wp\/v2\/media\/14968"}],"wp:attachment":[{"href":"https:\/\/www.cnbb.org.br\/cnbb-app\/wp\/v2\/media?parent=14967"}],"wp:term":[{"taxonomy":"category","embeddable":true,"href":"https:\/\/www.cnbb.org.br\/cnbb-app\/wp\/v2\/categories?post=14967"},{"taxonomy":"post_tag","embeddable":true,"href":"https:\/\/www.cnbb.org.br\/cnbb-app\/wp\/v2\/tags?post=14967"}],"curies":[{"name":"wp","href":"https:\/\/api.w.org\/{rel}","templated":true}]}}