{"id":14969,"date":"2011-06-06T00:00:00","date_gmt":"2011-06-06T03:00:00","guid":{"rendered":"https:\/\/www.cnbb.org.br\/diocese-de-petropolis-promove-assembleia-no-dia-mundial-da-comunicacao-social\/"},"modified":"2020-04-19T17:26:54","modified_gmt":"2020-04-19T20:26:54","slug":"diocese-de-petropolis-promove-assembleia-no-dia-mundial-da-comunicacao-social","status":"publish","type":"post","link":"https:\/\/www.cnbb.org.br\/diocese-de-petropolis-promove-assembleia-no-dia-mundial-da-comunicacao-social\/","title":{"rendered":"Diocese de Petr\u00f3polis promove Assembleia no Dia Mundial da Comunica\u00e7\u00e3o Social"},"content":{"rendered":"<p style=\"text-align: justify\">Neste domingo, 5, a Igreja celebrou o 45\u00ba Dia Mundial das Comunica\u00e7\u00f5es Sociais. E, como parte dos eventos para esta data, a diocese de Petr\u00f3polis (RJ) promoveu a Assembleia Diocesana da Pastoral da Comunica\u00e7\u00e3o, em Teres\u00f3polis (RJ). Foi um encontro com a participa\u00e7\u00e3o de aproximadamente 35 agentes pastorais, que se reuniram para refletir sobre a mensagem do papa Bento XVI e discutir sobre as a\u00e7\u00f5es da Pascom.<\/p>\n<p><!--more--><\/p>\n<p style=\"text-align: justify\">\u201cVerdade, an\u00fancio e autenticidade de vida na era digital\u201d, foi com este tema, t\u00edtulo do texto enviado pelo papa para a data, que se iniciou a Assembleia. A mensagem foi abordada pelo padre Tiago de Freitas, que destacou o convite feito, principalmente aos jovens, para que participem desta realidade de comunica\u00e7\u00e3o atrav\u00e9s da internet. Como ressaltou Padre Tiago, \u201co que vem acontecendo s\u00e3o mudan\u00e7as tecnol\u00f3gicas que devem gerar transforma\u00e7\u00f5es n\u00e3o apenas em como comunicar, mas tamb\u00e9m no que comunicamos\u201d. O padre tamb\u00e9m chamou a aten\u00e7\u00e3o dos presentes para a necessidade de as pessoas agirem de forma aut\u00eantica e reflexiva em suas a\u00e7\u00f5es na rede. \u201cA maior e melhor forma de evangelizarmos \u00e9 por nossa honestidade, verdade e coer\u00eancia\u201d, afirmou.<\/p>\n<p style=\"text-align: justify\">A forma\u00e7\u00e3o t\u00e9cnica tamb\u00e9m fez parte do cronograma da Assembleia. Os agentes pastorais participaram de uma oficina de TV, conduzida pela equipe do Programa Paz e Bem. Os presentes captaram algumas imagens e em seguida puderam utilizar o material para produzir um v\u00eddeo. A import\u00e2ncia da oficina foi destacada por M\u00e1rcio de Paula, integrante da Pascom em Teres\u00f3polis e da equipe do programa Paz e Bem. Segundo ele, \u201cna sociedade atual, todos t\u00eam a oportunidade de criar um v\u00eddeo e colaborar, seja com uma pequena c\u00e2mera, com um celular. E n\u00f3s devemos aproveitar estas possibilidades para o trabalho na pastoral\u201d, destacou.<\/p>\n<h4 style=\"text-align: justify\">Assembleia Diocesana<\/h4>\n<p style=\"text-align: justify\">Para encerrar o encontro, os agentes pastorais participaram da Assembleia, conduzida pelo coordenador diocesano da Pascom, padre Alexandre Brand\u00e3o. Um convite para o Muticom, que acontecer\u00e1 entre os dias 17 e 22, na Pontif\u00edcia Universidade Cat\u00f3lica do Rio de Janeiro, foi ponto central da conversa, que tamb\u00e9m abrangeu assuntos ligados aos \u201cfrutos\u201d do Muticom Diocesano, realizado nos \u00faltimos dias 9 e 10 de abril.<\/p>\n<p style=\"text-align: justify\">\u201cFica aqui um convite para que todos participem do Muticom Nacional, pois ser\u00e1 um encontro de riqueza muito grande, com pessoas vindas de todo o Brasil. O nosso mutir\u00e3o diocesano foi uma prepara\u00e7\u00e3o para este evento, que ser\u00e1 o nosso Muticom 100 vezes mais\u201d, destacou padre Brand\u00e3o.<\/p>\n<p style=\"text-align: justify\">E como resultado trazido da Assembleia do Muticom Diocesano ficou a import\u00e2ncia da participa\u00e7\u00e3o dos agentes da Pascom no plano pastoral, para que todos estejam envolvidos e tenham conhecimento do Plano.<\/p>\n","protected":false},"excerpt":{"rendered":"<p>Neste domingo, 5, a Igreja celebrou o 45\u00ba Dia Mundial das Comunica\u00e7\u00f5es Sociais. E, como parte dos eventos para esta data, a diocese de Petr\u00f3polis (RJ) promoveu a Assembleia Diocesana da Pastoral da Comunica\u00e7\u00e3o, em Teres\u00f3polis (RJ). Foi um encontro com a participa\u00e7\u00e3o de aproximadamente 35 agentes pastorais, que se reuniram para refletir sobre a &hellip;<\/p>\n<p class=\"read-more\"> <a class=\"\" href=\"https:\/\/www.cnbb.org.br\/diocese-de-petropolis-promove-assembleia-no-dia-mundial-da-comunicacao-social\/\"> <span class=\"screen-reader-text\">Diocese de Petr\u00f3polis promove Assembleia no Dia Mundial da Comunica\u00e7\u00e3o Social<\/span> Leia mais &raquo;<\/a><\/p>\n","protected":false},"author":83,"featured_media":14970,"comment_status":"open","ping_status":"open","sticky":false,"template":"","format":"standard","meta":{"site-sidebar-layout":"default","site-content-layout":"default","ast-global-header-display":"","ast-banner-title-visibility":"","ast-main-header-display":"","ast-hfb-above-header-display":"","ast-hfb-below-header-display":"","ast-hfb-mobile-header-display":"","site-post-title":"","ast-breadcrumbs-content":"","ast-featured-img":"","footer-sml-layout":"","theme-transparent-header-meta":"","adv-header-id-meta":"","stick-header-meta":"","header-above-stick-meta":"","header-main-stick-meta":"","header-below-stick-meta":""},"categories":[878,1],"tags":[],"acf":[],"_links":{"self":[{"href":"https:\/\/www.cnbb.org.br\/cnbb-app\/wp\/v2\/posts\/14969"}],"collection":[{"href":"https:\/\/www.cnbb.org.br\/cnbb-app\/wp\/v2\/posts"}],"about":[{"href":"https:\/\/www.cnbb.org.br\/cnbb-app\/wp\/v2\/types\/post"}],"author":[{"embeddable":true,"href":"https:\/\/www.cnbb.org.br\/cnbb-app\/wp\/v2\/users\/83"}],"replies":[{"embeddable":true,"href":"https:\/\/www.cnbb.org.br\/cnbb-app\/wp\/v2\/comments?post=14969"}],"version-history":[{"count":0,"href":"https:\/\/www.cnbb.org.br\/cnbb-app\/wp\/v2\/posts\/14969\/revisions"}],"wp:featuredmedia":[{"embeddable":true,"href":"https:\/\/www.cnbb.org.br\/cnbb-app\/wp\/v2\/media\/14970"}],"wp:attachment":[{"href":"https:\/\/www.cnbb.org.br\/cnbb-app\/wp\/v2\/media?parent=14969"}],"wp:term":[{"taxonomy":"category","embeddable":true,"href":"https:\/\/www.cnbb.org.br\/cnbb-app\/wp\/v2\/categories?post=14969"},{"taxonomy":"post_tag","embeddable":true,"href":"https:\/\/www.cnbb.org.br\/cnbb-app\/wp\/v2\/tags?post=14969"}],"curies":[{"name":"wp","href":"https:\/\/api.w.org\/{rel}","templated":true}]}}