{"id":14981,"date":"2011-06-22T00:00:00","date_gmt":"2011-06-22T03:00:00","guid":{"rendered":"https:\/\/www.cnbb.org.br\/arcebispo-de-campinas-e-internado\/"},"modified":"2011-06-22T00:00:00","modified_gmt":"2011-06-22T03:00:00","slug":"arcebispo-de-campinas-e-internado","status":"publish","type":"post","link":"https:\/\/www.cnbb.org.br\/arcebispo-de-campinas-e-internado\/","title":{"rendered":"Arcebispo de Campinas \u00e9 internado"},"content":{"rendered":"<p style=\"text-align: justify\">O arcebispo de Campinas (SP), dom Bruno Gamberini, foi internado na segunda-feira, 20, e est\u00e1 na Unidade de Terapia Intensiva (UTI), no Hospital e Maternidade Celso Pierro da PUC-Campinas. Segundo nota da arquidiocese, o arcebispo \u201cmanifestou indisposi\u00e7\u00e3o\u201d na manh\u00e3 de segunda-feira. De acordo com a nota, por orienta\u00e7\u00e3o m\u00e9dica, as visitas est\u00e3o proibidas.<\/p>\n<p>  <!--more-->  <\/p>\n<p style=\"text-align: justify\">O Boletim M\u00e9dico divulgado na manh\u00e3 de hoje, 22, pela assessoria de imprensa do hospital informa que dom Bruno Gamberini \u201cteve uma melhora cl\u00ednica, est\u00e1 acordado, consciente e se alimentando, mas continua ainda hoje na UTI para melhor acompanhamento m\u00e9dico\u201d.<\/p>\n<p>\u201cPedimos a toda a arquidiocese de Campinas que se una em ora\u00e7\u00e3o a Deus para que todo o procedimento m\u00e9dico obtenha o \u00eaxito desejado e para o pronto restabelecimento do nosso querido Arcebispo de Campinas, Dom Bruno Gamberini\u201d, diz o vig\u00e1rio geral da arquidiocese, monsenhor Jo\u00e3o Luiz F\u00e1vero.<\/p>\n","protected":false},"excerpt":{"rendered":"<p>O arcebispo de Campinas (SP), dom Bruno Gamberini, foi internado na segunda-feira, 20, e est\u00e1 na Unidade de Terapia Intensiva (UTI), no Hospital e Maternidade Celso Pierro da PUC-Campinas. Segundo nota da arquidiocese, o arcebispo \u201cmanifestou indisposi\u00e7\u00e3o\u201d na manh\u00e3 de segunda-feira. De acordo com a nota, por orienta\u00e7\u00e3o m\u00e9dica, as visitas est\u00e3o proibidas.<\/p>\n","protected":false},"author":83,"featured_media":14982,"comment_status":"open","ping_status":"open","sticky":false,"template":"","format":"standard","meta":{"site-sidebar-layout":"default","site-content-layout":"default","ast-global-header-display":"","ast-banner-title-visibility":"","ast-main-header-display":"","ast-hfb-above-header-display":"","ast-hfb-below-header-display":"","ast-hfb-mobile-header-display":"","site-post-title":"","ast-breadcrumbs-content":"","ast-featured-img":"","footer-sml-layout":"","theme-transparent-header-meta":"","adv-header-id-meta":"","stick-header-meta":"","header-above-stick-meta":"","header-main-stick-meta":"","header-below-stick-meta":""},"categories":[1],"tags":[],"acf":[],"_links":{"self":[{"href":"https:\/\/www.cnbb.org.br\/cnbb-app\/wp\/v2\/posts\/14981"}],"collection":[{"href":"https:\/\/www.cnbb.org.br\/cnbb-app\/wp\/v2\/posts"}],"about":[{"href":"https:\/\/www.cnbb.org.br\/cnbb-app\/wp\/v2\/types\/post"}],"author":[{"embeddable":true,"href":"https:\/\/www.cnbb.org.br\/cnbb-app\/wp\/v2\/users\/83"}],"replies":[{"embeddable":true,"href":"https:\/\/www.cnbb.org.br\/cnbb-app\/wp\/v2\/comments?post=14981"}],"version-history":[{"count":0,"href":"https:\/\/www.cnbb.org.br\/cnbb-app\/wp\/v2\/posts\/14981\/revisions"}],"wp:featuredmedia":[{"embeddable":true,"href":"https:\/\/www.cnbb.org.br\/cnbb-app\/wp\/v2\/media\/14982"}],"wp:attachment":[{"href":"https:\/\/www.cnbb.org.br\/cnbb-app\/wp\/v2\/media?parent=14981"}],"wp:term":[{"taxonomy":"category","embeddable":true,"href":"https:\/\/www.cnbb.org.br\/cnbb-app\/wp\/v2\/categories?post=14981"},{"taxonomy":"post_tag","embeddable":true,"href":"https:\/\/www.cnbb.org.br\/cnbb-app\/wp\/v2\/tags?post=14981"}],"curies":[{"name":"wp","href":"https:\/\/api.w.org\/{rel}","templated":true}]}}