{"id":14990,"date":"2011-07-08T00:00:00","date_gmt":"2011-07-08T03:00:00","guid":{"rendered":"https:\/\/www.cnbb.org.br\/seminario-de-comunicacao-para-os-bispos-do-brasil-tem-inicio-na-proxima-semana\/"},"modified":"2011-07-08T00:00:00","modified_gmt":"2011-07-08T03:00:00","slug":"seminario-de-comunicacao-para-os-bispos-do-brasil-tem-inicio-na-proxima-semana","status":"publish","type":"post","link":"https:\/\/www.cnbb.org.br\/seminario-de-comunicacao-para-os-bispos-do-brasil-tem-inicio-na-proxima-semana\/","title":{"rendered":"Semin\u00e1rio de Comunica\u00e7\u00e3o para os bispos do Brasil tem in\u00edcio na pr\u00f3xima semana"},"content":{"rendered":"<p style=\"text-align: justify\">Na pr\u00f3xima ter\u00e7a-feira, 12, tem in\u00edcio no Centro de Estudos do Sumar\u00e9 no Rio de Janeiro, o 1\u00ba Semin\u00e1rio de Comunica\u00e7\u00e3o para os Bispos do Brasil. Organizado pelo Pontif\u00edcio Conselho para as Comunica\u00e7\u00f5es Sociais, a Confer\u00eancia Nacional dos Bispos do Brasil (CNBB) e a arquidiocese do Rio, o semin\u00e1rio tem por objetivo oferecer um ambiente de discuss\u00f5es sobre o tema, conforme explicou a arquidiocese do Rio de Janeiro, na sua p\u00e1gina na internet.<\/p>\n<p style=\"text-align: justify\">\u201cO semin\u00e1rio tem como objetivo oferecer um espa\u00e7o de reflex\u00e3o e debate sobre o fen\u00f4meno da comunica\u00e7\u00e3o, a evolu\u00e7\u00e3o de seus fundamentos e a natureza de suas pr\u00e1ticas. Tamb\u00e9m apresentar os desafios que esse fen\u00f4meno traz para a Pastoral da Comunica\u00e7\u00e3o, em particular, e ainda, para a Igreja em geral\u201d.<\/p>\n<p style=\"text-align: justify\">O arcebispo do Rio de Janeiro, dom Orani Jo\u00e3o Tempesta, em carta-convite enviada aos bispos do Brasil, destacou as m\u00eddias sociais como ferramentas fundamentais para o an\u00fancio da Palavra de Deus.<\/p>\n<p style=\"text-align: justify\">\u201cAtr\u00e1s de nossas m\u00eddias est\u00e3o milhares de pessoas que est\u00e3o empenhadas, at\u00e9 mesmo com suas pr\u00f3prias vidas, para que a Palavra de Deus seja anunciada e Cristo seja ainda mais conhecido por todos. Tenho certeza de que a miss\u00e3o dos nossos comunicadores fez com que a imagem p\u00fablica da Igreja diante da sociedade fosse ainda mais trabalhada com a verdade para ser ainda melhor conhecida diante de tantas situa\u00e7\u00f5es midi\u00e1ticas hodiernas\u201d, sublinha o arcebispo no texto.<\/p>\n<p style=\"text-align: justify\">Participar\u00e1 do encontro, entre outros, o presidente do Pontif\u00edcio Conselho para as Comunica\u00e7\u00f5es Sociais, dom Claudio Maria Celli, que far\u00e1 a abertura do evento e o presidente da Confer\u00eancia Nacional dos Bispos do Brasil (CNBB), dom Raymundo Damasceno Assis. O semin\u00e1rio contar\u00e1 tamb\u00e9m com a participa\u00e7\u00e3o das principais emissoras de TV e R\u00e1dios Cat\u00f3licas do pa\u00eds. O semin\u00e1rio tem encerramento no s\u00e1bado, 16 de julho.<\/p>\n<p style=\"text-align: justify\"><strong>Mutir\u00e3o de Comunica\u00e7\u00e3o<\/strong><\/p>\n<p style=\"text-align: justify\">Um dia ap\u00f3s o encerramento do Semin\u00e1rio de Comunica\u00e7\u00e3o para os Bispos, tem in\u00edcio, no domingo, 17, no campus da Pontif\u00edcia Universidade Cat\u00f3lica do Rio de Janeiro, o 7\u00ba Mutir\u00e3o Brasileiro de Comunica\u00e7\u00e3o. O evento acontece entre os dias 17 e 22 de julho de 2011<\/p>\n<p style=\"text-align: justify\">Os mutir\u00f5es s\u00e3o promovidos, a cada dois anos, pela CNBB e buscam refletir sobre os meios e processos de comunica\u00e7\u00e3o tanto na Igreja, quanto na Sociedade. Nesta edi\u00e7\u00e3o, as discuss\u00f5es ter\u00e3o como tema motivador \u201cComunica\u00e7\u00e3o e Vida: Diversidade e Mobilidades\u201d. O Mutir\u00e3o \u00e9 uma realiza\u00e7\u00e3o da arquidiocese do Rio com o apoio do Regional Leste 1.<\/p>\n","protected":false},"excerpt":{"rendered":"<p>Na pr\u00f3xima ter\u00e7a-feira, 12, tem in\u00edcio no Centro de Estudos do Sumar\u00e9 no Rio de Janeiro, o 1\u00ba Semin\u00e1rio de Comunica\u00e7\u00e3o para os Bispos do Brasil. Organizado pelo Pontif\u00edcio Conselho para as Comunica\u00e7\u00f5es Sociais, a Confer\u00eancia Nacional dos Bispos do Brasil (CNBB) e a arquidiocese do Rio, o semin\u00e1rio tem por objetivo oferecer um ambiente &hellip;<\/p>\n<p class=\"read-more\"> <a class=\"\" href=\"https:\/\/www.cnbb.org.br\/seminario-de-comunicacao-para-os-bispos-do-brasil-tem-inicio-na-proxima-semana\/\"> <span class=\"screen-reader-text\">Semin\u00e1rio de Comunica\u00e7\u00e3o para os bispos do Brasil tem in\u00edcio na pr\u00f3xima semana<\/span> Leia mais &raquo;<\/a><\/p>\n","protected":false},"author":83,"featured_media":14991,"comment_status":"open","ping_status":"open","sticky":false,"template":"","format":"standard","meta":{"site-sidebar-layout":"default","site-content-layout":"default","ast-global-header-display":"","ast-banner-title-visibility":"","ast-main-header-display":"","ast-hfb-above-header-display":"","ast-hfb-below-header-display":"","ast-hfb-mobile-header-display":"","site-post-title":"","ast-breadcrumbs-content":"","ast-featured-img":"","footer-sml-layout":"","theme-transparent-header-meta":"","adv-header-id-meta":"","stick-header-meta":"","header-above-stick-meta":"","header-main-stick-meta":"","header-below-stick-meta":""},"categories":[1],"tags":[],"acf":[],"_links":{"self":[{"href":"https:\/\/www.cnbb.org.br\/cnbb-app\/wp\/v2\/posts\/14990"}],"collection":[{"href":"https:\/\/www.cnbb.org.br\/cnbb-app\/wp\/v2\/posts"}],"about":[{"href":"https:\/\/www.cnbb.org.br\/cnbb-app\/wp\/v2\/types\/post"}],"author":[{"embeddable":true,"href":"https:\/\/www.cnbb.org.br\/cnbb-app\/wp\/v2\/users\/83"}],"replies":[{"embeddable":true,"href":"https:\/\/www.cnbb.org.br\/cnbb-app\/wp\/v2\/comments?post=14990"}],"version-history":[{"count":0,"href":"https:\/\/www.cnbb.org.br\/cnbb-app\/wp\/v2\/posts\/14990\/revisions"}],"wp:featuredmedia":[{"embeddable":true,"href":"https:\/\/www.cnbb.org.br\/cnbb-app\/wp\/v2\/media\/14991"}],"wp:attachment":[{"href":"https:\/\/www.cnbb.org.br\/cnbb-app\/wp\/v2\/media?parent=14990"}],"wp:term":[{"taxonomy":"category","embeddable":true,"href":"https:\/\/www.cnbb.org.br\/cnbb-app\/wp\/v2\/categories?post=14990"},{"taxonomy":"post_tag","embeddable":true,"href":"https:\/\/www.cnbb.org.br\/cnbb-app\/wp\/v2\/tags?post=14990"}],"curies":[{"name":"wp","href":"https:\/\/api.w.org\/{rel}","templated":true}]}}