{"id":14992,"date":"2011-07-09T00:00:00","date_gmt":"2011-07-09T03:00:00","guid":{"rendered":"https:\/\/www.cnbb.org.br\/presidente-do-pccs-fala-sobre-o-1o-seminario-de-comunicacao-para-bispos-do-brasil\/"},"modified":"2011-07-09T00:00:00","modified_gmt":"2011-07-09T03:00:00","slug":"presidente-do-pccs-fala-sobre-o-1o-seminario-de-comunicacao-para-bispos-do-brasil","status":"publish","type":"post","link":"https:\/\/www.cnbb.org.br\/presidente-do-pccs-fala-sobre-o-1o-seminario-de-comunicacao-para-bispos-do-brasil\/","title":{"rendered":"Presidente do PCCS fala sobre o 1\u00ba Semin\u00e1rio de Comunica\u00e7\u00e3o para bispos do Brasil"},"content":{"rendered":"<p style=\"text-align: justify\">O Rio de Janeiro acolhe, a partir da pr\u00f3xima ter\u00e7a-feira, 12, o 1\u00ba Semin\u00e1rio de Comunica\u00e7\u00e3o para os Bispos do Brasil. Organizado pelo Pontif\u00edcio Conselho das Comunica\u00e7\u00f5es Sociais, (PCCS)\u00a0 Confer\u00eancia Nacional dos Bispos do Brasil (CNBB) e arquidiocese do Rio, o encontro reunir\u00e1 bispos de todo o pais para discutir comunica\u00e7\u00e3o e evangeliza\u00e7\u00e3o a partir da mudan\u00e7a cultural provocada pelas novas tecnologias da comunica\u00e7\u00e3o.<\/p>\n<p><!--more--><\/p>\n<p style=\"text-align: justify\">Um dos conferencistas do evento, o presidente do Pontif\u00edcio Conselho para as Comunica\u00e7\u00f5es Sociais (PCCS), dom Claudio Maria Celli, explica que a ideia do semin\u00e1rio nasceu durante a visita <em>ad Limina<\/em> dos bispos brasileiros.<\/p>\n<p style=\"text-align: justify\">\u201cDigamos que este seja o momento oportuno para a reflex\u00e3o dentro da Confer\u00eancia dos Bispos do Brasil sobre o tema da comunica\u00e7\u00e3o hoje na Igreja. Vejo esta iniciativa com grande interesse e satisfa\u00e7\u00e3o\u201d, disse o presidente do Pontif\u00edcio Conselho. &#8220;Considero muito importante que estes bispos tenham tomado essa decis\u00e3o: tr\u00eas dias a serem totalmente dedicados a uma reflex\u00e3o que abrange todos os campos sobre o tema da comunica\u00e7\u00e3o\u201d, completou.<\/p>\n<p style=\"text-align: justify\">O arcebispo avalia como importante a reuni\u00e3o dos bispos brasileiros para discutir &#8220;o que significa, hoje, afrontar uma pastoral no mundo da comunica\u00e7\u00e3o, encarando o desafio da nova tecnologia\u201d.<\/p>\n<div style=\"text-align: justify\"><\/div>\n<p style=\"text-align: justify\">\u201cAs novas tecnologias n\u00e3o desempenham apenas uma fun\u00e7\u00e3o instrumental, mas, sabemos com mais consci\u00eancia, que elas se colocam numa nova cultura, a que n\u00f3s, hoje, chamamos de cultura digital. \u00c9 o homem de hoje. E a Igreja tem esta profunda consci\u00eancia de que deve anunciar a mensagem ao homem de hoje. Um homem que est\u00e1 inserido, que vive nessa nova cultura. Este \u00e9 o grande desafio para a Igreja: ver como fazer, que coisa fazer e em que medida estar presente no novo contexto cultural\u201d, ressalta dom Maria Celli.<\/p>\n<p style=\"text-align: justify\">Segundo o presidente, as novas tecnologias possuem uma nova linguagem. \u201cDevemos dialogar com essa realidade e conseguir que a mensagem do Evangelho seja colocada tamb\u00e9m nesse contexto. E a\u00ed eu digo que permanece forte para todos n\u00f3s justamente o tema da linguagem. O meu falar com o homem de hoje, com uma linguagem que ele compreenda, uma linguagem que n\u00e3o seja apenas alguma coisa que eu use para ser entendido, mas uma linguagem em que exista uma profunda dimens\u00e3o antropol\u00f3gica\u201d.<\/p>\n","protected":false},"excerpt":{"rendered":"<p>O Rio de Janeiro acolhe, a partir da pr\u00f3xima ter\u00e7a-feira, 12, o 1\u00ba Semin\u00e1rio de Comunica\u00e7\u00e3o para os Bispos do Brasil. Organizado pelo Pontif\u00edcio Conselho das Comunica\u00e7\u00f5es Sociais, (PCCS)\u00a0 Confer\u00eancia Nacional dos Bispos do Brasil (CNBB) e arquidiocese do Rio, o encontro reunir\u00e1 bispos de todo o pais para discutir comunica\u00e7\u00e3o e evangeliza\u00e7\u00e3o a partir &hellip;<\/p>\n<p class=\"read-more\"> <a class=\"\" href=\"https:\/\/www.cnbb.org.br\/presidente-do-pccs-fala-sobre-o-1o-seminario-de-comunicacao-para-bispos-do-brasil\/\"> <span class=\"screen-reader-text\">Presidente do PCCS fala sobre o 1\u00ba Semin\u00e1rio de Comunica\u00e7\u00e3o para bispos do Brasil<\/span> Leia mais &raquo;<\/a><\/p>\n","protected":false},"author":83,"featured_media":14993,"comment_status":"open","ping_status":"open","sticky":false,"template":"","format":"standard","meta":{"site-sidebar-layout":"default","site-content-layout":"default","ast-global-header-display":"","ast-banner-title-visibility":"","ast-main-header-display":"","ast-hfb-above-header-display":"","ast-hfb-below-header-display":"","ast-hfb-mobile-header-display":"","site-post-title":"","ast-breadcrumbs-content":"","ast-featured-img":"","footer-sml-layout":"","theme-transparent-header-meta":"","adv-header-id-meta":"","stick-header-meta":"","header-above-stick-meta":"","header-main-stick-meta":"","header-below-stick-meta":""},"categories":[1],"tags":[],"acf":[],"_links":{"self":[{"href":"https:\/\/www.cnbb.org.br\/cnbb-app\/wp\/v2\/posts\/14992"}],"collection":[{"href":"https:\/\/www.cnbb.org.br\/cnbb-app\/wp\/v2\/posts"}],"about":[{"href":"https:\/\/www.cnbb.org.br\/cnbb-app\/wp\/v2\/types\/post"}],"author":[{"embeddable":true,"href":"https:\/\/www.cnbb.org.br\/cnbb-app\/wp\/v2\/users\/83"}],"replies":[{"embeddable":true,"href":"https:\/\/www.cnbb.org.br\/cnbb-app\/wp\/v2\/comments?post=14992"}],"version-history":[{"count":0,"href":"https:\/\/www.cnbb.org.br\/cnbb-app\/wp\/v2\/posts\/14992\/revisions"}],"wp:featuredmedia":[{"embeddable":true,"href":"https:\/\/www.cnbb.org.br\/cnbb-app\/wp\/v2\/media\/14993"}],"wp:attachment":[{"href":"https:\/\/www.cnbb.org.br\/cnbb-app\/wp\/v2\/media?parent=14992"}],"wp:term":[{"taxonomy":"category","embeddable":true,"href":"https:\/\/www.cnbb.org.br\/cnbb-app\/wp\/v2\/categories?post=14992"},{"taxonomy":"post_tag","embeddable":true,"href":"https:\/\/www.cnbb.org.br\/cnbb-app\/wp\/v2\/tags?post=14992"}],"curies":[{"name":"wp","href":"https:\/\/api.w.org\/{rel}","templated":true}]}}