{"id":15009,"date":"2011-07-16T00:00:00","date_gmt":"2011-07-16T03:00:00","guid":{"rendered":"https:\/\/www.cnbb.org.br\/encerrado-o-seminario-de-comunicacao-no-rio\/"},"modified":"2020-04-19T17:26:56","modified_gmt":"2020-04-19T20:26:56","slug":"encerrado-o-seminario-de-comunicacao-no-rio","status":"publish","type":"post","link":"https:\/\/www.cnbb.org.br\/encerrado-o-seminario-de-comunicacao-no-rio\/","title":{"rendered":"Encerrado o Semin\u00e1rio de Comunica\u00e7\u00e3o no Rio"},"content":{"rendered":"<p style=\"text-align: justify\">Uma s\u00e9rie de palestras marcou o encerramento do 1\u00ba Semin\u00e1rio de Comunica\u00e7\u00e3o para os Bispos do Brasil (SECOBB), neste s\u00e1bado, 16, no Centro de Forma\u00e7\u00e3o Sumar\u00e9, no Rio de Janeiro. O evento, que come\u00e7ou na ter\u00e7a-feira, 12, reuniu mais de 60 bispos de todo o pa\u00eds e foi promovido pelo Pontif\u00edcio Conselho para as Comunica\u00e7\u00f5es Socias, Confer\u00eancia Nacional dos Bispos do Brasil e Arquidiocese do Rio de Janeiro.<\/p>\n<p>  <!--more-->  <\/p>\n<p style=\"text-align: justify\">Pouco antes de terminar, o Semin\u00e1rio teve a visita do padre Zezinho, que ontem foi homenageado na PUC-Rio, pelos seus 70 anos, com um show que contou com a presen\u00e7a participantes do SECOBB. Pe. Zezinho falou aos bispos da necessidade de investimento em comunica\u00e7\u00e3o na Igreja.<\/p>\n<p style=\"text-align: justify\">\u201cComunica\u00e7\u00e3o precisa de investimento econ\u00f4mico e de pessoas capacitadas\u201d, disse. Ele criticou a presen\u00e7a de \u201cpregadores da f\u00e9\u201d que est\u00e3o na m\u00eddia &#8220;despreparados&#8221; e pediu que os bispos sejam exigentes com os comunicadores crist\u00e3os.<\/p>\n<p style=\"text-align: justify\">\u201cEst\u00e1 havendo muitos deslizes doutrin\u00e1rios nas can\u00e7\u00f5es e nas m\u00eddias. Est\u00e1 faltando doutrina e catequese. Estamos na \u00e9poca da excresc\u00eancia em que o mensageiro est\u00e1 maior que a mensagem. Desta forma n\u00e3o h\u00e1 Igreja que resista\u201d, observou. \u201cSejam exigentes com seus comunicadores. O pregador da f\u00e9 tem que aceitar controle\u201d, acrescentou.<\/p>\n<p style=\"text-align: justify\"><strong>Confer\u00eancias<\/strong><\/p>\n<p style=\"text-align: justify\"><img decoding=\"async\" loading=\"lazy\" class=\" alignleft size-full wp-image-10740\" style=\"float: left\" title=\"Ricardo Chaves \" alt=\"SecobbRChaves\" src=\"https:\/\/www.cnbb.org.br\/wp-content\/uploads\/2020\/03\/SecobbRChaves.jpg\" height=\"270\" width=\"201\" \/>Os bispos tiveram uma manh\u00e3 cheia antes do encerramento do Semin\u00e1rio. Foram quatro palestras ap\u00f3s a missa presidida pelo arcebispo do Rio de Janeiro, dom Orani Jo\u00e3o Tempesta, \u00e0s 7h, na capela do Centro de Forma\u00e7\u00e3o Sumar\u00e9.<\/p>\n<p style=\"text-align: justify\"><strong>Caixa de Ferrramentas<\/strong><br \/>O consultor educacional, Ricardo Quaresma Chagas, apresentou o projeto \u201cCaixa de Ferramentas\u201d, que visa ajudar os jovens a usarem de forma adequada as diversas m\u00eddias. Com um \u00f4nibus equipado com esta\u00e7\u00f5es de TV e r\u00e1dio via web, tablets, laptops e projetor de v\u00eddeo, Chagas promove atividades em ambientes como shoppings, igrejas e escolas. Seu objetivo \u00e9 levar os jovens a usarem as novas m\u00eddias de forma cidad\u00e3 e respons\u00e1vel.<\/p>\n<p style=\"text-align: justify\">\u201cO material tecnol\u00f3gico n\u00e3o gera v\u00ednculo porque \u00e9 individual. No espa\u00e7o virtual \u00e9 que os jovens colocam a realidade deles. A gera\u00e7\u00e3o digital n\u00e3o tem vida real: n\u00e3o namora, n\u00e3o brinca, n\u00e3o sabe conversar. A juventude n\u00e3o est\u00e1 perdida, mas desamparada\u201d, considerou.<\/p>\n<p style=\"text-align: justify\"><strong>Desafios<\/strong><br \/><img decoding=\"async\" loading=\"lazy\" class=\" alignleft size-full wp-image-10741\" style=\"float: left\" alt=\"SecobbGildsio\" src=\"https:\/\/www.cnbb.org.br\/wp-content\/uploads\/2020\/03\/SecobbGildsio.jpg\" height=\"238\" width=\"203\" \/>O padre Gild\u00e1sio Mendes dos Santos falou sobre os desafios da comunica\u00e7\u00e3o institucional da Igreja no contexto da cultura midi\u00e1tica. Ele defendeu que a verdadeira mudan\u00e7a na sociedade atual n\u00e3o \u00e9 tecnol\u00f3gica, mas humana.<\/p>\n<p style=\"text-align: justify\">\u201c[A mudan\u00e7a] N\u00e3o \u00e9 uma revolu\u00e7\u00e3o digital, tecnol\u00f3gica, mas relacional\u201d, afirmou. \u201cA mudan\u00e7a humana e relacional na era das novas tecnologias est\u00e1 arraigada na for\u00e7a dos valores percebidos e novo estilo de vida. Neste\u00a0 novo contexto, surgem novas oportunidades para aproximar, dialogar e interagir para\u00a0 evangelizar as novas gera\u00e7\u00f5es institucionalmente\u201d, completou.<\/p>\n<p style=\"text-align: justify\"><strong>RIIAL<\/strong><br \/>A coordenadora da Rede de Inform\u00e1tica da Igreja na Am\u00e9rica Latina (RIIAL), Leticia Saberon, exp\u00f4s para os bispos a finalidade e o trabalho da RIIAL. De acordo com a coordenadora, na Igreja, \u00e9 preciso abandonar o trabalho individual e partir para o trabalho em rede.<\/p>\n<p style=\"text-align: justify\">\u201cUm grande inimigo da comunh\u00e3o \u00e9 o individualismo pastoral\u201d, sublinhou. Ela destacou a import\u00e2ncia da comunica\u00e7\u00e3o interna da Igreja. \u201cA comunica\u00e7\u00e3o interna expressa a comunh\u00e3o que est\u00e1 no cora\u00e7\u00e3o da Igreja, favorece uma a\u00e7\u00e3o harm\u00f4nica das \u00e1reas de trabalho e evita a sensa\u00e7\u00e3o de exclus\u00e3o\u201d, acentuou.<\/p>\n<p style=\"text-align: justify\">Segundo Let\u00edcia, a RIIAL nasceu em 1987 para facilitar a comunica\u00e7\u00e3o entre os bispos e depois se expandiu para os pa\u00edses. \u201cA RIIAL tem quatro pilares: chegar aos \u00faltimos, ser mesa comum onde todos colocam o que t\u00eam, ter tecnologia segundo a necessidade de cada um e n\u00e3o basta a tecnologia\u201d, esclarece.<\/p>\n<p style=\"text-align: justify\"><img decoding=\"async\" loading=\"lazy\" class=\" alignleft size-full wp-image-10742\" style=\"float: left\" alt=\"SecobbRosane\" src=\"https:\/\/www.cnbb.org.br\/wp-content\/uploads\/2020\/03\/SecobbRosane.jpg\" height=\"218\" width=\"200\" \/><strong>Pascom<\/strong><br \/>A \u00faltima confer\u00eancia da Semin\u00e1rio foi sobre a Pastoral da Comunica\u00e7\u00e3o, proferida pela professora Rosane Borges e Irm\u00e3 \u00c9lide Fogolari, assessora da Comiss\u00e3o Episcopal para a Comunica\u00e7\u00e3o Social, da CNBB, organizadora do evento.<\/p>\n<p style=\"text-align: justify\">Rosane defendeu que a Pastoral da Comunica\u00e7\u00e3o deve estar afinada com as reflex\u00f5es e teorias da comunica\u00e7\u00e3o, tendo como base as orienta\u00e7\u00f5es e documentos da Igreja. \u201c\u00c9 fundamental que as a\u00e7\u00f5es da Pascom sejam suportadas por fundamentos te\u00f3ricos e \u00e9ticos que orientem o agente de pastoral a ser um gestor importante dos processos comunicativos na comunidade\u201d, disse.<\/p>\n<p style=\"text-align: justify\"><img decoding=\"async\" loading=\"lazy\" class=\" alignleft size-full wp-image-10743\" style=\"float: left\" alt=\"SecobbIrElide\" src=\"https:\/\/www.cnbb.org.br\/wp-content\/uploads\/2020\/03\/SecobbIrElide.jpg\" height=\"196\" width=\"301\" \/>Um dos desafios da Pascom, segundo Rosane, \u00e9 tirar a informa\u00e7\u00e3o e a comunica\u00e7\u00e3o do imp\u00e9rio da tecnologia. \u201cPensar a passagem da informa\u00e7\u00e3o \u00e0 comunica\u00e7\u00e3o significa destecnologizar a comunica\u00e7\u00e3o, recolocando a t\u00e9cnica no seu devido lugar\u201d.<\/p>\n<p style=\"text-align: justify\">J\u00e1 irm\u00e3 \u00c9lide acentuou que a Pascom n\u00e3o \u00e9 mais uma pastoral, mas servi\u00e7o de comunh\u00e3o. \u201cPascom \u00e9 o eixo transversal de toda a a\u00e7\u00e3o pastoral da Igreja. Ela permeia as demais pastorais\u201d, explicou.<\/p>\n","protected":false},"excerpt":{"rendered":"<p>Uma s\u00e9rie de palestras marcou o encerramento do 1\u00ba Semin\u00e1rio de Comunica\u00e7\u00e3o para os Bispos do Brasil (SECOBB), neste s\u00e1bado, 16, no Centro de Forma\u00e7\u00e3o Sumar\u00e9, no Rio de Janeiro. O evento, que come\u00e7ou na ter\u00e7a-feira, 12, reuniu mais de 60 bispos de todo o pa\u00eds e foi promovido pelo Pontif\u00edcio Conselho para as Comunica\u00e7\u00f5es &hellip;<\/p>\n<p class=\"read-more\"> <a class=\"\" href=\"https:\/\/www.cnbb.org.br\/encerrado-o-seminario-de-comunicacao-no-rio\/\"> <span class=\"screen-reader-text\">Encerrado o Semin\u00e1rio de Comunica\u00e7\u00e3o no Rio<\/span> Leia mais &raquo;<\/a><\/p>\n","protected":false},"author":83,"featured_media":15010,"comment_status":"open","ping_status":"open","sticky":false,"template":"","format":"standard","meta":{"site-sidebar-layout":"default","site-content-layout":"default","ast-global-header-display":"","ast-banner-title-visibility":"","ast-main-header-display":"","ast-hfb-above-header-display":"","ast-hfb-below-header-display":"","ast-hfb-mobile-header-display":"","site-post-title":"","ast-breadcrumbs-content":"","ast-featured-img":"","footer-sml-layout":"","theme-transparent-header-meta":"","adv-header-id-meta":"","stick-header-meta":"","header-above-stick-meta":"","header-main-stick-meta":"","header-below-stick-meta":""},"categories":[878,1],"tags":[],"acf":[],"_links":{"self":[{"href":"https:\/\/www.cnbb.org.br\/cnbb-app\/wp\/v2\/posts\/15009"}],"collection":[{"href":"https:\/\/www.cnbb.org.br\/cnbb-app\/wp\/v2\/posts"}],"about":[{"href":"https:\/\/www.cnbb.org.br\/cnbb-app\/wp\/v2\/types\/post"}],"author":[{"embeddable":true,"href":"https:\/\/www.cnbb.org.br\/cnbb-app\/wp\/v2\/users\/83"}],"replies":[{"embeddable":true,"href":"https:\/\/www.cnbb.org.br\/cnbb-app\/wp\/v2\/comments?post=15009"}],"version-history":[{"count":0,"href":"https:\/\/www.cnbb.org.br\/cnbb-app\/wp\/v2\/posts\/15009\/revisions"}],"wp:featuredmedia":[{"embeddable":true,"href":"https:\/\/www.cnbb.org.br\/cnbb-app\/wp\/v2\/media\/15010"}],"wp:attachment":[{"href":"https:\/\/www.cnbb.org.br\/cnbb-app\/wp\/v2\/media?parent=15009"}],"wp:term":[{"taxonomy":"category","embeddable":true,"href":"https:\/\/www.cnbb.org.br\/cnbb-app\/wp\/v2\/categories?post=15009"},{"taxonomy":"post_tag","embeddable":true,"href":"https:\/\/www.cnbb.org.br\/cnbb-app\/wp\/v2\/tags?post=15009"}],"curies":[{"name":"wp","href":"https:\/\/api.w.org\/{rel}","templated":true}]}}