{"id":15014,"date":"2011-07-18T00:00:00","date_gmt":"2011-07-18T03:00:00","guid":{"rendered":"https:\/\/www.cnbb.org.br\/aberto-o-7o-mutirao-brasileiro-de-comunicacao\/"},"modified":"2011-07-18T00:00:00","modified_gmt":"2011-07-18T03:00:00","slug":"aberto-o-7o-mutirao-brasileiro-de-comunicacao","status":"publish","type":"post","link":"https:\/\/www.cnbb.org.br\/aberto-o-7o-mutirao-brasileiro-de-comunicacao\/","title":{"rendered":"Aberto o 7\u00ba Mutir\u00e3o Brasileiro de Comunica\u00e7\u00e3o"},"content":{"rendered":"<p style=\"text-align: justify\">A objetividade e pontualidade marcaram a abertura do 7\u00ba Mutir\u00e3o Brasileiro de Comunica\u00e7\u00e3o (Muticom), no in\u00edcio da noite deste domingo, 17, no Gin\u00e1sio da Pontif\u00edcia Universidade Cat\u00f3lica do Rio de Janeiro. \u201cDeclaro abertas as atividades do 7\u00ba Mutir\u00e3o Brasileiro de Comunica\u00e7\u00e3o\u201d, disse o arcebispo do Rio de Janeiro, dom Orani Jo\u00e3o Tempesta, pontualmente \u00e0s 18h30. \u201cQue o Cristo Redentor derrame suas b\u00ean\u00e7\u00e3os sobre todos\u201d, acrescentou.<\/p>\n<p>  <!--more-->  <\/p>\n<p style=\"text-align: justify\">O mutir\u00e3o deve reunir cerca de mil comunicadores de todo o pa\u00eds at\u00e9 a pr\u00f3xima sexta-feira. Ele \u00e9 promovido pela Confer\u00eancia Nacional dos Bispos do Brasil e realizado pela arquidiocese do Rio de Janeiro e PUC-Rio, com apoio do Regional Leste 1 da CNBB.<\/p>\n<p style=\"text-align: justify\"><img decoding=\"async\" loading=\"lazy\" class=\" alignright size-full wp-image-10746\" style=\"float: right\" title=\"Componentes da mesa de abertura do Muticom (foto: Rodrigo Eneas\/CNBB)\" alt=\"Mesa_com_participantes_2\" src=\"https:\/\/www.cnbb.org.br\/wp-content\/uploads\/2020\/03\/Mesa_com_participantes_2.jpg\" height=\"254\" width=\"384\" \/>A mesa de abertura foi composta, al\u00e9m do arcebispo do Rio, pelo presidente do Pontif\u00edcio Conselho para as Comunica\u00e7\u00f5es Sociais, dom Claudio Maria Celli; pelo arcebispo de Campo Grande (MS) e presidente da Comiss\u00e3o Episcopal Pastoral para a Comunica\u00e7\u00e3o Social, da CNBB, dom Dimas Lara Barbosa; pelo reitor da PUC, padre Josaf\u00e1 Carlos de Siqueira; pelo coordenador geral do Mutir\u00e3o, padre Omar Raposo; pelo vig\u00e1rio episcopal para as comunica\u00e7\u00f5es da arquidiocese do Rio, padre Marcos Willian Bernardo; pelo diretor acad\u00eamico do Muticom, professor Miguel Pereira, e pelo conferencista da noite, mons. Dario Vigan\u00f2, professor da Pontif\u00edcia Universidade Lateranense, em Roma.<\/p>\n<p style=\"text-align: justify\">Entoados os hinos Pontif\u00edcio e Brasileiro por um grupo dos Arautos do Evangelho, houve breve sauda\u00e7\u00e3o dos componentes da mesa. \u201cDesejo frutuoso mutir\u00e3o para todos. Renovo, mais uma vez, minha alegria de estar com voc\u00eas para compartilhar a comunh\u00e3o\u201d, disse dom Claudio Maria Celli.<\/p>\n<p style=\"text-align: justify\">O presidente da Comiss\u00e3o para a Comunica\u00e7\u00e3o da CNBB, dom Dimas Lara Barbosa, exortou os participantes a \u201cescancararem as portas do cora\u00e7\u00e3o a Cristo\u201d, colocando-se como \u201cdisc\u00edpulos mission\u00e1rios de Cristo para o an\u00fancio do evangelho potencializado com os meios que est\u00e3o dispon\u00edveis\u201d.<\/p>\n<p style=\"text-align: justify\">J\u00e1 o reitor da PUC destacou o papel da universidade no Mutir\u00e3o lembrando a import\u00e2ncia do mundo acad\u00eamico. \u201c\u00c9 preciso trabalhar com racionalidade os valores do evangelho para estejam presentes em nossos processos comunicativos\u201d, sublinhou.<\/p>\n<p style=\"text-align: justify\">Para o diretor acad\u00eamico do Muticom, Miguel Pereira, o mutir\u00e3o \u00e9 resultado de um trabalho conjunto de muitas pessoas. \u201cAqui vamos discutir o que queremos de comunica\u00e7\u00e3o para a Igreja. Cada um de n\u00f3s \u00e9 linguagem. Se melhorarmos individualmente,podemos melhorar a sociedade\u201d, disse o professor.<\/p>\n<p style=\"text-align: justify\">O presidente do Pontif\u00edcio Conselho para as Comunica\u00e7\u00f5es e o arcebispo do Rio de Janeiro foram presenteados com um DVD e um livro do \u00faltimo mutir\u00e3o, realizado em Porto Alegre (RS), em fevereiro do ano passado.\u00a0 \u201cDom Claudio Maria Celli foi um grande amigo do mutir\u00e3o e dom Orani, um constante incentivador\u201d, disse padre Marcelino Sivinsk, um dos coordenadores do Muticom de Porto Alegre, ao entregar o presente.<\/p>\n","protected":false},"excerpt":{"rendered":"<p>A objetividade e pontualidade marcaram a abertura do 7\u00ba Mutir\u00e3o Brasileiro de Comunica\u00e7\u00e3o (Muticom), no in\u00edcio da noite deste domingo, 17, no Gin\u00e1sio da Pontif\u00edcia Universidade Cat\u00f3lica do Rio de Janeiro. \u201cDeclaro abertas as atividades do 7\u00ba Mutir\u00e3o Brasileiro de Comunica\u00e7\u00e3o\u201d, disse o arcebispo do Rio de Janeiro, dom Orani Jo\u00e3o Tempesta, pontualmente \u00e0s 18h30. &hellip;<\/p>\n<p class=\"read-more\"> <a class=\"\" href=\"https:\/\/www.cnbb.org.br\/aberto-o-7o-mutirao-brasileiro-de-comunicacao\/\"> <span class=\"screen-reader-text\">Aberto o 7\u00ba Mutir\u00e3o Brasileiro de Comunica\u00e7\u00e3o<\/span> Leia mais &raquo;<\/a><\/p>\n","protected":false},"author":83,"featured_media":15015,"comment_status":"open","ping_status":"open","sticky":false,"template":"","format":"standard","meta":{"site-sidebar-layout":"default","site-content-layout":"default","ast-global-header-display":"","ast-banner-title-visibility":"","ast-main-header-display":"","ast-hfb-above-header-display":"","ast-hfb-below-header-display":"","ast-hfb-mobile-header-display":"","site-post-title":"","ast-breadcrumbs-content":"","ast-featured-img":"","footer-sml-layout":"","theme-transparent-header-meta":"","adv-header-id-meta":"","stick-header-meta":"","header-above-stick-meta":"","header-main-stick-meta":"","header-below-stick-meta":""},"categories":[1],"tags":[],"acf":[],"_links":{"self":[{"href":"https:\/\/www.cnbb.org.br\/cnbb-app\/wp\/v2\/posts\/15014"}],"collection":[{"href":"https:\/\/www.cnbb.org.br\/cnbb-app\/wp\/v2\/posts"}],"about":[{"href":"https:\/\/www.cnbb.org.br\/cnbb-app\/wp\/v2\/types\/post"}],"author":[{"embeddable":true,"href":"https:\/\/www.cnbb.org.br\/cnbb-app\/wp\/v2\/users\/83"}],"replies":[{"embeddable":true,"href":"https:\/\/www.cnbb.org.br\/cnbb-app\/wp\/v2\/comments?post=15014"}],"version-history":[{"count":0,"href":"https:\/\/www.cnbb.org.br\/cnbb-app\/wp\/v2\/posts\/15014\/revisions"}],"wp:featuredmedia":[{"embeddable":true,"href":"https:\/\/www.cnbb.org.br\/cnbb-app\/wp\/v2\/media\/15015"}],"wp:attachment":[{"href":"https:\/\/www.cnbb.org.br\/cnbb-app\/wp\/v2\/media?parent=15014"}],"wp:term":[{"taxonomy":"category","embeddable":true,"href":"https:\/\/www.cnbb.org.br\/cnbb-app\/wp\/v2\/categories?post=15014"},{"taxonomy":"post_tag","embeddable":true,"href":"https:\/\/www.cnbb.org.br\/cnbb-app\/wp\/v2\/tags?post=15014"}],"curies":[{"name":"wp","href":"https:\/\/api.w.org\/{rel}","templated":true}]}}