{"id":15045,"date":"2011-07-22T00:00:00","date_gmt":"2011-07-22T03:00:00","guid":{"rendered":"https:\/\/www.cnbb.org.br\/muticom-especialistas-falam-da-representacao-da-felicidade-nos-processos-comunicativos\/"},"modified":"2011-07-22T00:00:00","modified_gmt":"2011-07-22T03:00:00","slug":"muticom-especialistas-falam-da-representacao-da-felicidade-nos-processos-comunicativos","status":"publish","type":"post","link":"https:\/\/www.cnbb.org.br\/muticom-especialistas-falam-da-representacao-da-felicidade-nos-processos-comunicativos\/","title":{"rendered":"Muticom: Especialistas falam da representa\u00e7\u00e3o da felicidade nos processos comunicativos"},"content":{"rendered":"<p style=\"text-align: justify\">Hoje, dia 22, \u00e0s 19:30h, no Gin\u00e1sio Poliesportivo da Pontif\u00edcia Universidade Cat\u00f3lica do Rio de Janeiro (PUC-Rio) acontecer\u00e1 a cerim\u00f4nia de encerramento do 7\u00ba Mutir\u00e3o Brasileiro de Comunica\u00e7\u00e3o, o Muticom. Neste evento ser\u00e1 entregue o s\u00edmbolo do Muticom para os representantes da arquidiocese de Natal (RN), pr\u00f3xima cidade escolhida a sediar o encontro, em 2013.<\/p>\n<p><!--more--><\/p>\n<p style=\"text-align: justify\">Antes, nesta manh\u00e3, aconteceu o painel \u201cA representa\u00e7\u00e3o da felicidade nos processos comunicativos\u201d, com os conferencistas Jurandir Freire Costa, psicanalista e professor do Instituto de Medicina Social da Universidade Estadual do Rio de Janeiro (UERJ); padre Jesus Hortal Sanches, professor do Departamento de Teologia da PUC-Rio e o soci\u00f3logo Marcelo Ramos.<\/p>\n<p style=\"text-align: justify\"><img decoding=\"async\" loading=\"lazy\" class=\" alignleft size-full wp-image-10870\" style=\"float: left\" src=\"https:\/\/www.cnbb.org.br\/wp-content\/uploads\/2020\/03\/muticomrjmarceloramos.jpg\" alt=\"muticomrjmarceloramos\" width=\"300\" height=\"267\" \/>Falando sobre \u201cAutorrealiza\u00e7\u00e3o e o envolvimento com o outro\u201d, o soci\u00f3logo Marcelo Ramos destacou uma pesquisa sua chamada \u201cHappiness Brasil: a cultura material da felicidade\u201d. Nesta pesquisa, Marcelo entrevistou homens e mulheres, de 15 a 65 anos de idade, em oito capitais. Ao todo foram 64 participantes. A pesquisa prop\u00f5e a elabora\u00e7\u00e3o de um di\u00e1rio de felicidade. Os participantes registram por escrito e por foto, em tr\u00eas momentos durante um per\u00edodo de um m\u00eas. Ao final, o pesquisador e soci\u00f3logo se disse surpreso com a pesquisa.<\/p>\n<p style=\"text-align: justify\">\u201cCom essa metodologia de pesquisa faz com que o pesquisado seja seu cronista. Toma o lugar do antrop\u00f3logo. O que mais me chamou a aten\u00e7\u00e3o foi que a felicidade passa a ideia de que \u00e9 vendida, e isso me impressionou\u201d, explicou Marcelo Ramos.<\/p>\n<p style=\"text-align: justify\"><img decoding=\"async\" loading=\"lazy\" class=\" alignright size-full wp-image-10871\" style=\"float: right\" src=\"https:\/\/www.cnbb.org.br\/wp-content\/uploads\/2020\/03\/muticomrjpsicanalista.jpg\" alt=\"muticomrjpsicanalista\" width=\"300\" height=\"213\" \/>O psicanalista Jurandir Freire Costa falou sobre a \u201cExperi\u00eancia da iman\u00eancia e da transcend\u00eancia num mundo diverso e mutante\u201d. Jurandir afirmou que a busca da felicidade est\u00e1 tornando a sociedade atual \u201cparan\u00f3ica\u201d, sem saber para onde ir ou pra onde chegar.<\/p>\n<p style=\"text-align: justify\">\u201cA sociedade atual, na busca da felicidade, sofre. Sempre est\u00e1 faltando alguma coisa. Temos uma obsess\u00e3o cotidiana. Vivemos uma sociedade punitiva, restritiva, depressiva e preconceituosa. Vivemos num tempo sem paix\u00e3o e compaix\u00e3o. Vivemos uma sociedade de consumo, que visa o lucro e que \u00e9 imoral. Estamos vivendo um mundo de leviandade social, de desastres ecol\u00f3gicos, ou seja, estamos dan\u00e7ando a beira do abismo. Temos que come\u00e7armos a mudar os paradigmas sociais j\u00e1\u201d, exclamou o psicanalista.<\/p>\n<p style=\"text-align: justify\">O professor definiu o termo felicidade em dois aspectos. \u201cA felicidade \u00e9 material ou palp\u00e1vel e transcendente\u201d.<\/p>\n<p style=\"text-align: justify\">Al\u00e9m disso, Jurandir Freire afirmou que a busca da felicidade passa pelo transcendente, que \u00e9 o encontro com Jesus Cristo, e que o papel da Igreja \u00e9 muito importante nesse processo. \u201cN\u00e3o h\u00e1 uma f\u00f3rmula para se chegar \u00e0 felicidade, mas sei passa pelo gozo interior, espiritual e f\u00edsico. E nisso a Igreja \u00e9 fundamental, o contato e a experi\u00eancia com Cristo\u201d, disse.<\/p>\n<h4 style=\"text-align: justify\">Padre Jesus Hortal S\u00e1nchez<\/h4>\n<p style=\"text-align: justify\"><img decoding=\"async\" loading=\"lazy\" class=\" alignright size-full wp-image-10872\" style=\"float: right\" src=\"https:\/\/www.cnbb.org.br\/wp-content\/uploads\/2020\/03\/muticomrjpadrejesushortal.jpg\" alt=\"muticomrjpadrejesushortal\" width=\"300\" height=\"277\" \/>Com o tema: \u201cA vida como princ\u00edpio fundamental da dignidade humana\u201d, o padre Jesus Hortal S\u00e1nchez fez um paralelo de felicidade encontrado nos livros e escrituras crist\u00e3os. Mostrou como s\u00e3o retratadas as formas de felicidade contidas na b\u00edblia e em outros livros.<\/p>\n<p style=\"text-align: justify\">O te\u00f3logo citou por v\u00e1rias vezes o livro do Apocalipse, explicando suas figuras de linguagem, demonstrando que a felicidade est\u00e1 contida, de v\u00e1rias formas, nas mais diversas ocasi\u00f5es, por piores que sejam.<\/p>\n<p style=\"text-align: justify\">\u201cA felicidade esta em Cristo Jesus, em Deus, nosso Pai, e na reden\u00e7\u00e3o dos justos. A b\u00edblia \u00e9 um instrumento divino que demonstra que h\u00e1 salva\u00e7\u00e3o e, consequentemente, felicidade na busca do transcendente, que \u00e9 Deus\u201d, disse o padre Jesus Hortal S\u00e1nchez.<\/p>\n","protected":false},"excerpt":{"rendered":"<p>Hoje, dia 22, \u00e0s 19:30h, no Gin\u00e1sio Poliesportivo da Pontif\u00edcia Universidade Cat\u00f3lica do Rio de Janeiro (PUC-Rio) acontecer\u00e1 a cerim\u00f4nia de encerramento do 7\u00ba Mutir\u00e3o Brasileiro de Comunica\u00e7\u00e3o, o Muticom. Neste evento ser\u00e1 entregue o s\u00edmbolo do Muticom para os representantes da arquidiocese de Natal (RN), pr\u00f3xima cidade escolhida a sediar o encontro, em 2013.<\/p>\n","protected":false},"author":83,"featured_media":15046,"comment_status":"open","ping_status":"open","sticky":false,"template":"","format":"standard","meta":{"site-sidebar-layout":"default","site-content-layout":"default","ast-global-header-display":"","ast-banner-title-visibility":"","ast-main-header-display":"","ast-hfb-above-header-display":"","ast-hfb-below-header-display":"","ast-hfb-mobile-header-display":"","site-post-title":"","ast-breadcrumbs-content":"","ast-featured-img":"","footer-sml-layout":"","theme-transparent-header-meta":"","adv-header-id-meta":"","stick-header-meta":"","header-above-stick-meta":"","header-main-stick-meta":"","header-below-stick-meta":""},"categories":[1],"tags":[],"acf":[],"_links":{"self":[{"href":"https:\/\/www.cnbb.org.br\/cnbb-app\/wp\/v2\/posts\/15045"}],"collection":[{"href":"https:\/\/www.cnbb.org.br\/cnbb-app\/wp\/v2\/posts"}],"about":[{"href":"https:\/\/www.cnbb.org.br\/cnbb-app\/wp\/v2\/types\/post"}],"author":[{"embeddable":true,"href":"https:\/\/www.cnbb.org.br\/cnbb-app\/wp\/v2\/users\/83"}],"replies":[{"embeddable":true,"href":"https:\/\/www.cnbb.org.br\/cnbb-app\/wp\/v2\/comments?post=15045"}],"version-history":[{"count":0,"href":"https:\/\/www.cnbb.org.br\/cnbb-app\/wp\/v2\/posts\/15045\/revisions"}],"wp:featuredmedia":[{"embeddable":true,"href":"https:\/\/www.cnbb.org.br\/cnbb-app\/wp\/v2\/media\/15046"}],"wp:attachment":[{"href":"https:\/\/www.cnbb.org.br\/cnbb-app\/wp\/v2\/media?parent=15045"}],"wp:term":[{"taxonomy":"category","embeddable":true,"href":"https:\/\/www.cnbb.org.br\/cnbb-app\/wp\/v2\/categories?post=15045"},{"taxonomy":"post_tag","embeddable":true,"href":"https:\/\/www.cnbb.org.br\/cnbb-app\/wp\/v2\/tags?post=15045"}],"curies":[{"name":"wp","href":"https:\/\/api.w.org\/{rel}","templated":true}]}}