{"id":15049,"date":"2011-07-22T00:00:00","date_gmt":"2011-07-22T03:00:00","guid":{"rendered":"https:\/\/www.cnbb.org.br\/muticom-publico-avalia-o-7o-mutirao-brasileiro-de-comunicacao\/"},"modified":"2011-07-22T00:00:00","modified_gmt":"2011-07-22T03:00:00","slug":"muticom-publico-avalia-o-7o-mutirao-brasileiro-de-comunicacao","status":"publish","type":"post","link":"https:\/\/www.cnbb.org.br\/muticom-publico-avalia-o-7o-mutirao-brasileiro-de-comunicacao\/","title":{"rendered":"P\u00fablico avalia o 7\u00ba Mutir\u00e3o Brasileiro de Comunica\u00e7\u00e3o"},"content":{"rendered":"<p style=\"text-align: justify\">Est\u00e1 chegando ao fim o 7\u00ba Mutir\u00e3o Brasileiro de Comunica\u00e7\u00e3o (Muticom), que ocorreu na Pontif\u00edcia Universidade Cat\u00f3lica do Rio de Janeiro (PUC-Rio) e contou, segundo a organiza\u00e7\u00e3o do evento, com a participa\u00e7\u00e3o de mais 1200 pessoas. O encerramento oficial se dar\u00e1 \u00e0s 19:30h, no Gin\u00e1sio Poliesportivo da PUC-Rio, com a participa\u00e7\u00e3o da escola de samba Beija-Flor.<\/p>\n<p>  <!--more-->  <\/p>\n<p style=\"text-align: justify\">Alguns participantes deram os seus depoimentos \u00e0 assessoria de imprensa da Confer\u00eancia Nacional dos Bispos do Brasil (CNBB). O Mutir\u00e3o foi considerado um sucesso, principalmente por conta dos profissionais escolhidos na participa\u00e7\u00e3o dos pain\u00e9is e oficinas.<\/p>\n<p style=\"text-align: justify\"><img decoding=\"async\" loading=\"lazy\" class=\" alignleft size-full wp-image-10885\" width=\"92\" height=\"118\" src=\"https:\/\/www.cnbb.org.br\/wp-content\/uploads\/2020\/03\/muticomrjmiguelgomes.jpg\" alt=\"muticomrjmiguelgomes\" style=\"float: left\" \/>O professor da PUC-Rio, Miguel Gomes, que \u00e9 um dos organizadores do Muticom, destacou a rea\u00e7\u00e3o do p\u00fablico que considerou muito boa a estrutura disponibilizada durantes esses seis dias de Mutir\u00e3o. \u201cAcolhemos gente de todo o Brasil, em v\u00e1rios n\u00edveis de conhecimento e de forma\u00e7\u00e3o. Pra gente da PUC foi um grande prazer receb\u00ea-los, al\u00e9m disso, o desafio foi enorme em montar essa estrutura e poder agradar ao visitante. Acho que alcan\u00e7amos o que nos propusemos fazer e considero que foi muito bom o 7\u00ba Mutir\u00e3o Brasileiro de Comunica\u00e7\u00e3o\u201d, destacou.<\/p>\n<p style=\"text-align: justify\"><img decoding=\"async\" loading=\"lazy\" class=\" alignleft size-full wp-image-10886\" width=\"103\" height=\"119\" src=\"https:\/\/www.cnbb.org.br\/wp-content\/uploads\/2020\/03\/muticomrjnovaiguacu1.jpg\" alt=\"muticomrjnovaiguacu1\" style=\"float: left\" \/>A fonoaudi\u00f3loga e participante da Pastoral da Juventude de Nova Igua\u00e7u (RJ), Priscila Arruda, diz que sentiu falta de algumas atividades ou oficinas pr\u00e1ticas, como por exemplo, r\u00e1dio, web ou TV, mas que de forma geral, o Muticom superou suas perspectivas. \u201cFoi muito bom\u201d, falou.<\/p>\n<p style=\"text-align: justify\"><img decoding=\"async\" loading=\"lazy\" class=\" alignright size-full wp-image-10887\" width=\"77\" height=\"103\" src=\"https:\/\/www.cnbb.org.br\/wp-content\/uploads\/2020\/03\/muticomrjpadrejaime.jpg\" alt=\"muticomrjpadrejaime\" style=\"float: right\" \/>Para o padre da diocese de Taubat\u00e9 (SP), Jaime Lemes, a experi\u00eancia do Muticom foi \u201cmuito rica\u201d. \u201cAs exposi\u00e7\u00f5es durante os pain\u00e9is, a partir do tema proposto para o 7\u00ba Muticom, &#8216;Comunica\u00e7\u00e3o e Vida: Diversidade e Mobilidades&#8217;, foram bastante profundas e provocativas. Os painelistas souberam discutir a tem\u00e1tica com clareza e din\u00e2mica, de modo que mesmo os assuntos mais complexos n\u00e3o ficaram massantes. As oficinas foram momentos oportunos de aprendizado pr\u00e1tico e de troca de experi\u00eancias. De fato, todo o evento proporcionou a viv\u00eancia da comunh\u00e3o-comunica\u00e7\u00e3o na diversidade, com a participa\u00e7\u00e3o de pessoas de todas as partes do Brasil, com as suas experi\u00eancias de f\u00e9 e de comunica\u00e7\u00e3o no servi\u00e7o ao reino de Deus. Valeu apena!\u00a0 Espero que todos tenham tirado muito proveito\u201d, disse.<\/p>\n<p style=\"text-align: justify\"><img decoding=\"async\" loading=\"lazy\" class=\" alignleft size-full wp-image-10888\" width=\"131\" height=\"113\" src=\"https:\/\/www.cnbb.org.br\/wp-content\/uploads\/2020\/03\/muticomrjguanhaes.jpg\" alt=\"muticomrjguanhaes\" style=\"float: left\" \/>\u201cParticipar do Mutir\u00e3o Brasileiro de Comunica\u00e7\u00e3o enriquece o processo comunicativo iniciado na nossa diocese, Guanh\u00e3es (MG). Os pain\u00e9is, confer\u00eancias e as atividades culturais do Muticom trouxeram novidade para o dia a dia do servi\u00e7o da pastoral da comunica\u00e7\u00e3o\u201d, destacou Lu\u00eds Carlos Pinto, agente da Pastoral da Comunica\u00e7\u00e3o de Guanh\u00e3es (MG).<\/p>\n<p style=\"text-align: justify\"><img decoding=\"async\" loading=\"lazy\" class=\" alignright size-full wp-image-10889\" width=\"114\" height=\"126\" src=\"https:\/\/www.cnbb.org.br\/wp-content\/uploads\/2020\/03\/muticomrjtresrios1.jpg\" alt=\"muticomrjtresrios1\" style=\"float: right\" \/>O jovem Darlei Alves, da diocese de Tr\u00eas Rios (RJ), deixou uma sugest\u00e3o aos organizadores do pr\u00f3ximo Muticom, que ser\u00e1 em Natal (RN), em outubro de 2013. \u201cEste encontro foi muito bom, mas a divis\u00e3o de hor\u00e1rios deve ser repensada por conta das \u00f3timas palestras e oficinas, que muitas vezes acontecem simultaneamente em v\u00e1rios lugares\u201d.<\/p>\n<p style=\"text-align: justify\">J\u00e1 Marlene Medeiros, de Palmas (TO), ficou \u201cencantada\u201d com toda a estrutura oferecida pela PUC-Rio. Al\u00e9m disso, ela elogiou a abordagem comunicacional proposta por esse Mutir\u00e3o. \u201cDescobri aqui no Rio de Janeiro uma nova forma de fazer comunica\u00e7\u00e3o. Gra\u00e7as ao Muticom, aprendi muita coisa que me far\u00e1 colocar em pr\u00e1tica novas formas de comunicar e de mostrar as atividades de minha diocese\u201d.<\/p>\n<h4 style=\"text-align: justify\">Coletiva Final<\/h4>\n<p style=\"text-align: justify\"><img decoding=\"async\" loading=\"lazy\" class=\" alignright size-full wp-image-10890\" width=\"555\" height=\"369\" src=\"https:\/\/www.cnbb.org.br\/wp-content\/uploads\/2020\/03\/muticomrjcoletivadeimprensafinal.jpg\" alt=\"muticomrjcoletivadeimprensafinal\" style=\"float: right\" \/>\u00c0s 16:30h, no bloco Kennedy, da PUC-Rio, aconteceu a \u00faltima coletiva de imprensa do Muticom. O evento contou com a participa\u00e7\u00e3o do arcebispo do Rio de Janeiro, dom Orani Jo\u00e3o Tempesta; do coordenador geral do Mutir\u00e3o, padre Omar Raposo e do diretor acad\u00eamico do Muticom, professor Miguel Pereira.<\/p>\n<p style=\"text-align: justify\">Segundo dom Orani, este Muticom foi definido como &#8220;democr\u00e1tico com a informa\u00e7\u00e3o&#8221;, gra\u00e7as \u00e0 transmiss\u00e3o via internet de todas as confer\u00eancias e algumas oficinas. \u201cAl\u00e9m disso, essa reuni\u00e3o de pessoas serviu como facilitador para que acontecese outras reuni\u00f5es, como a da Signis-Brasil, da Pastoral da Comunica\u00e7\u00e3o de v\u00e1rios Regionais e da Comiss\u00e3o Episcopal Pastoral para a Comunica\u00e7\u00e3o\u201d.<\/p>\n<p style=\"text-align: justify\"><img decoding=\"async\" loading=\"lazy\" class=\" alignleft size-full wp-image-10891\" width=\"150\" height=\"167\" src=\"https:\/\/www.cnbb.org.br\/wp-content\/uploads\/2020\/03\/muticomrjmiguelpereira.jpg\" alt=\"muticomrjmiguelpereira\" style=\"float: left\" \/>J\u00e1 o diretor acad\u00eamico do 7\u00ba Mutir\u00e3o Brasileiro de Comunica\u00e7\u00e3o, Miguel Pereira, fez o balan\u00e7o final, com todos os n\u00fameros do encontro. Segundo informou, foram ao todo 1237 pessoas circulando no campus da PUC-Rio exclusivamente para o Mutir\u00e3o. \u201cDo n\u00famero total, 294 eram jornalistas; 540 participantes; 162 estagi\u00e1rios; 124 expositores e 117 professores e conferencistas. Al\u00e9m disso, as oficinas tem\u00e1ticas chegaram a cerca de 80, oferecendo aulas pr\u00e1ticas e te\u00f3ricas sobre as diferentes atividades dos profissionais de comunica\u00e7\u00e3o\u201d.<\/p>\n","protected":false},"excerpt":{"rendered":"<p>Est\u00e1 chegando ao fim o 7\u00ba Mutir\u00e3o Brasileiro de Comunica\u00e7\u00e3o (Muticom), que ocorreu na Pontif\u00edcia Universidade Cat\u00f3lica do Rio de Janeiro (PUC-Rio) e contou, segundo a organiza\u00e7\u00e3o do evento, com a participa\u00e7\u00e3o de mais 1200 pessoas. O encerramento oficial se dar\u00e1 \u00e0s 19:30h, no Gin\u00e1sio Poliesportivo da PUC-Rio, com a participa\u00e7\u00e3o da escola de samba &hellip;<\/p>\n<p class=\"read-more\"> <a class=\"\" href=\"https:\/\/www.cnbb.org.br\/muticom-publico-avalia-o-7o-mutirao-brasileiro-de-comunicacao\/\"> <span class=\"screen-reader-text\">P\u00fablico avalia o 7\u00ba Mutir\u00e3o Brasileiro de Comunica\u00e7\u00e3o<\/span> Leia mais &raquo;<\/a><\/p>\n","protected":false},"author":83,"featured_media":15050,"comment_status":"open","ping_status":"open","sticky":false,"template":"","format":"standard","meta":{"site-sidebar-layout":"default","site-content-layout":"default","ast-global-header-display":"","ast-banner-title-visibility":"","ast-main-header-display":"","ast-hfb-above-header-display":"","ast-hfb-below-header-display":"","ast-hfb-mobile-header-display":"","site-post-title":"","ast-breadcrumbs-content":"","ast-featured-img":"","footer-sml-layout":"","theme-transparent-header-meta":"","adv-header-id-meta":"","stick-header-meta":"","header-above-stick-meta":"","header-main-stick-meta":"","header-below-stick-meta":""},"categories":[1],"tags":[],"acf":[],"_links":{"self":[{"href":"https:\/\/www.cnbb.org.br\/cnbb-app\/wp\/v2\/posts\/15049"}],"collection":[{"href":"https:\/\/www.cnbb.org.br\/cnbb-app\/wp\/v2\/posts"}],"about":[{"href":"https:\/\/www.cnbb.org.br\/cnbb-app\/wp\/v2\/types\/post"}],"author":[{"embeddable":true,"href":"https:\/\/www.cnbb.org.br\/cnbb-app\/wp\/v2\/users\/83"}],"replies":[{"embeddable":true,"href":"https:\/\/www.cnbb.org.br\/cnbb-app\/wp\/v2\/comments?post=15049"}],"version-history":[{"count":0,"href":"https:\/\/www.cnbb.org.br\/cnbb-app\/wp\/v2\/posts\/15049\/revisions"}],"wp:featuredmedia":[{"embeddable":true,"href":"https:\/\/www.cnbb.org.br\/cnbb-app\/wp\/v2\/media\/15050"}],"wp:attachment":[{"href":"https:\/\/www.cnbb.org.br\/cnbb-app\/wp\/v2\/media?parent=15049"}],"wp:term":[{"taxonomy":"category","embeddable":true,"href":"https:\/\/www.cnbb.org.br\/cnbb-app\/wp\/v2\/categories?post=15049"},{"taxonomy":"post_tag","embeddable":true,"href":"https:\/\/www.cnbb.org.br\/cnbb-app\/wp\/v2\/tags?post=15049"}],"curies":[{"name":"wp","href":"https:\/\/api.w.org\/{rel}","templated":true}]}}