{"id":15059,"date":"2011-07-26T00:00:00","date_gmt":"2011-07-26T03:00:00","guid":{"rendered":"https:\/\/www.cnbb.org.br\/comunicacao-na-pauta-da-segunda-edicao-da-feira-solidaria-da-arquidiocese-de-salvador\/"},"modified":"2011-07-26T00:00:00","modified_gmt":"2011-07-26T03:00:00","slug":"comunicacao-na-pauta-da-segunda-edicao-da-feira-solidaria-da-arquidiocese-de-salvador","status":"publish","type":"post","link":"https:\/\/www.cnbb.org.br\/comunicacao-na-pauta-da-segunda-edicao-da-feira-solidaria-da-arquidiocese-de-salvador\/","title":{"rendered":"Comunica\u00e7\u00e3o na pauta da segunda edi\u00e7\u00e3o da Feira Solid\u00e1ria da arquidiocese de Salvador"},"content":{"rendered":"<p style=\"text-align: justify\">No pr\u00f3ximo dia 1\u00ba de agosto a arquidiocese de Salvador (BA) abre a segunda edi\u00e7\u00e3o da Feira Solid\u00e1ria. Desta vez o evento vai discutir \u201cComo a comunica\u00e7\u00e3o pode ser ferramenta de transforma\u00e7\u00e3o social\u201d.<\/p>\n<p><!--more--><\/p>\n<p style=\"text-align: justify\">A atividade promovida atrav\u00e9s da Pastoral de Comunica\u00e7\u00e3o (Pascom) arquidiocesana reunir\u00e1 palestras, cursos, apresenta\u00e7\u00f5es culturais e a comercializa\u00e7\u00e3o de produtos, frutos da economia solid\u00e1ria. O arcebispo de Salvador, dom Murilo Krieger, abre o evento \u00e0s 9h, no Pal\u00e1cio Rio Branco, na Pra\u00e7a Municipal de Salvador.<\/p>\n<p style=\"text-align: justify\">Na feira os visitantes, os participantes poder\u00e3o conhecer em 50 estandes o trabalho de ONGs, projetos sociais e institui\u00e7\u00f5es ligadas ao fomento do empreendedorismo, al\u00e9m de participar de workshops e cursos para a melhoria das pr\u00e1ticas profissionais. As cerca de 20 mil pessoas que circulam por dia na Pra\u00e7a Municipal tamb\u00e9m poder\u00e3o conferir atra\u00e7\u00f5es culturais.<\/p>\n<p style=\"text-align: justify\">O evento tem por objetivo promover a troca de experi\u00eancias entre institui\u00e7\u00f5es, organiza\u00e7\u00f5es n\u00e3o governamentais e a popula\u00e7\u00e3o da capital baiana. O evento visa tamb\u00e9m animar a\u00e7\u00f5es de empreendedorismo e de pr\u00e1ticas de comunica\u00e7\u00e3o a fim de que pequenos produtores, artes\u00e3os, cooperativas e o cidad\u00e3o de modo geral possam melhorar o desempenho profissional. A entrada \u00e9 gratuita e o hor\u00e1rio de funcionamento \u00e9 das 8 \u00e0s 18h. Outras informa\u00e7\u00f5es atrav\u00e9s do telefone: (71) 4009-6604.<\/p>\n<p style=\"text-align: justify\"><strong>Semin\u00e1rio <\/strong><\/p>\n<p style=\"text-align: justify\">Nos dias 5 e 6 de agosto, acontece em paralelo \u00e0 Feira, o 2\u00ba Semin\u00e1rio de Economia Solid\u00e1ria. Os visitantes poder\u00e3o se inscrever durante a semana e participar do encontro que vai apresentar exemplos e discutir como a economia pode estar voltada para a dignidade humana e n\u00e3o apenas para o ac\u00famulo de recursos. Entre os palestrantes do semin\u00e1rio est\u00e3o especialistas e representantes de ONGs e projetos sociais como a TV Pelourinho, a ACOPAMEC (Associa\u00e7\u00e3o das Comunidades Paroquiais de Mata Escura e Calabet\u00e3o) e o jornal Aurora da Rua. A inscri\u00e7\u00e3o \u00e9 gratuita e os participantes recebem certificado.<\/p>\n","protected":false},"excerpt":{"rendered":"<p>No pr\u00f3ximo dia 1\u00ba de agosto a arquidiocese de Salvador (BA) abre a segunda edi\u00e7\u00e3o da Feira Solid\u00e1ria. Desta vez o evento vai discutir \u201cComo a comunica\u00e7\u00e3o pode ser ferramenta de transforma\u00e7\u00e3o social\u201d.<\/p>\n","protected":false},"author":83,"featured_media":15060,"comment_status":"open","ping_status":"open","sticky":false,"template":"","format":"standard","meta":{"site-sidebar-layout":"default","site-content-layout":"default","ast-global-header-display":"","ast-banner-title-visibility":"","ast-main-header-display":"","ast-hfb-above-header-display":"","ast-hfb-below-header-display":"","ast-hfb-mobile-header-display":"","site-post-title":"","ast-breadcrumbs-content":"","ast-featured-img":"","footer-sml-layout":"","theme-transparent-header-meta":"","adv-header-id-meta":"","stick-header-meta":"","header-above-stick-meta":"","header-main-stick-meta":"","header-below-stick-meta":""},"categories":[1],"tags":[],"acf":[],"_links":{"self":[{"href":"https:\/\/www.cnbb.org.br\/cnbb-app\/wp\/v2\/posts\/15059"}],"collection":[{"href":"https:\/\/www.cnbb.org.br\/cnbb-app\/wp\/v2\/posts"}],"about":[{"href":"https:\/\/www.cnbb.org.br\/cnbb-app\/wp\/v2\/types\/post"}],"author":[{"embeddable":true,"href":"https:\/\/www.cnbb.org.br\/cnbb-app\/wp\/v2\/users\/83"}],"replies":[{"embeddable":true,"href":"https:\/\/www.cnbb.org.br\/cnbb-app\/wp\/v2\/comments?post=15059"}],"version-history":[{"count":0,"href":"https:\/\/www.cnbb.org.br\/cnbb-app\/wp\/v2\/posts\/15059\/revisions"}],"wp:featuredmedia":[{"embeddable":true,"href":"https:\/\/www.cnbb.org.br\/cnbb-app\/wp\/v2\/media\/15060"}],"wp:attachment":[{"href":"https:\/\/www.cnbb.org.br\/cnbb-app\/wp\/v2\/media?parent=15059"}],"wp:term":[{"taxonomy":"category","embeddable":true,"href":"https:\/\/www.cnbb.org.br\/cnbb-app\/wp\/v2\/categories?post=15059"},{"taxonomy":"post_tag","embeddable":true,"href":"https:\/\/www.cnbb.org.br\/cnbb-app\/wp\/v2\/tags?post=15059"}],"curies":[{"name":"wp","href":"https:\/\/api.w.org\/{rel}","templated":true}]}}