{"id":15068,"date":"2011-09-26T00:00:00","date_gmt":"2011-09-26T03:00:00","guid":{"rendered":"https:\/\/www.cnbb.org.br\/natal-ja-se-prepara-para-o-8o-mutirao-brasileiro-de-comunicacao\/"},"modified":"2011-09-26T00:00:00","modified_gmt":"2011-09-26T03:00:00","slug":"natal-ja-se-prepara-para-o-8o-mutirao-brasileiro-de-comunicacao","status":"publish","type":"post","link":"https:\/\/www.cnbb.org.br\/natal-ja-se-prepara-para-o-8o-mutirao-brasileiro-de-comunicacao\/","title":{"rendered":"Natal j\u00e1 se prepara para o 8\u00ba Mutir\u00e3o Brasileiro de Comunica\u00e7\u00e3o"},"content":{"rendered":"<p style=\"text-align: justify\">Faltam ainda dois anos para o 8\u00ba Mutir\u00e3o Brasileiro de Comunica\u00e7\u00e3o (Muticom) acontecer, mas os preparativos, em Natal (RN), cidade sede do evento, come\u00e7aram desde o in\u00edcio deste ano. As comiss\u00f5es que comp\u00f5em a coordena\u00e7\u00e3o local do Encontro j\u00e1 foram formadas e v\u00eam se reunindo, periodicamente.<\/p>\n<p>  <!--more-->  <\/p>\n<p style=\"text-align: justify\">No \u00faltimo dia 24, aconteceu mais uma dessas reuni\u00f5es de coordenadores, reunindo mais de 20 pessoas, ligadas \u00e0 arquidiocese de Natal e \u00e0 Universidade Federal do Rio Grande do Norte (UFRN). Desta vez a reuni\u00e3o contou com a participa\u00e7\u00e3o da assessora da Comiss\u00e3o Episcopal Pastoral para a Comunica\u00e7\u00e3o, da Confer\u00eancia Nacional dos Bispos do Brasil (CNBB), irm\u00e3 \u00c9lide Fogolari; de Alessandra Cruz, da Pontif\u00edcia Universidade Cat\u00f3lica do Rio de Janeiro e de Paulo Lima, da arquidiocese do Rio de Janeiro. Ambos integraram a coordena\u00e7\u00e3o do 7\u00ba Mutir\u00e3o Brasileiro de Comunica\u00e7\u00e3o, que aconteceu na Pontif\u00edcia Universidade Cat\u00f3lica do Rio de Janeiro (PUC-Rio), em julho deste ano.<\/p>\n<p style=\"text-align: justify\">Durante a reuni\u00e3o, a irm\u00e3 \u00c9lide contextualizou a hist\u00f3ria dos Mutir\u00f5es Brasileiros e lembrou que s\u00e3o espa\u00e7os, atrav\u00e9s dos quais, a Igreja dialoga com a sociedade, a respeito da comunica\u00e7\u00e3o social. Ela tamb\u00e9m ressaltou a riqueza de conte\u00fados que s\u00e3o abordados durante o evento. \u201cO debate provocado pelos diferentes painelistas, desde os religiosos aos acad\u00eamicos, d\u00e3o vida aos Mutir\u00f5es\u201d, destacou.<\/p>\n<p style=\"text-align: justify\">J\u00e1, a Alessadra Cruz e Paulo Lima expuseram para a equipe de Natal toda a experi\u00eancia da coordena\u00e7\u00e3o do 7\u00ba Muticom, como organiza\u00e7\u00e3o da infra-estrutura, gastos financeiros, inscritos de participantes e estrat\u00e9gias de divulga\u00e7\u00e3o.<\/p>\n<p style=\"text-align: justify\">A pr\u00f3xima reuni\u00e3o da equipe de coordena\u00e7\u00e3o local est\u00e1 agendada para o dia 22 de outubro.\u00a0 O 8\u00ba Mutir\u00e3o Brasileiro de Comunica\u00e7\u00e3o ser\u00e1 realizado no per\u00edodo de 27 de outubro a 1\u00ba de novembro de 2013, no campus da UFRN, em Natal.<\/p>\n","protected":false},"excerpt":{"rendered":"<p>Faltam ainda dois anos para o 8\u00ba Mutir\u00e3o Brasileiro de Comunica\u00e7\u00e3o (Muticom) acontecer, mas os preparativos, em Natal (RN), cidade sede do evento, come\u00e7aram desde o in\u00edcio deste ano. As comiss\u00f5es que comp\u00f5em a coordena\u00e7\u00e3o local do Encontro j\u00e1 foram formadas e v\u00eam se reunindo, periodicamente.<\/p>\n","protected":false},"author":83,"featured_media":15069,"comment_status":"open","ping_status":"open","sticky":false,"template":"","format":"standard","meta":{"site-sidebar-layout":"default","site-content-layout":"default","ast-global-header-display":"","ast-banner-title-visibility":"","ast-main-header-display":"","ast-hfb-above-header-display":"","ast-hfb-below-header-display":"","ast-hfb-mobile-header-display":"","site-post-title":"","ast-breadcrumbs-content":"","ast-featured-img":"","footer-sml-layout":"","theme-transparent-header-meta":"","adv-header-id-meta":"","stick-header-meta":"","header-above-stick-meta":"","header-main-stick-meta":"","header-below-stick-meta":""},"categories":[1],"tags":[],"acf":[],"_links":{"self":[{"href":"https:\/\/www.cnbb.org.br\/cnbb-app\/wp\/v2\/posts\/15068"}],"collection":[{"href":"https:\/\/www.cnbb.org.br\/cnbb-app\/wp\/v2\/posts"}],"about":[{"href":"https:\/\/www.cnbb.org.br\/cnbb-app\/wp\/v2\/types\/post"}],"author":[{"embeddable":true,"href":"https:\/\/www.cnbb.org.br\/cnbb-app\/wp\/v2\/users\/83"}],"replies":[{"embeddable":true,"href":"https:\/\/www.cnbb.org.br\/cnbb-app\/wp\/v2\/comments?post=15068"}],"version-history":[{"count":0,"href":"https:\/\/www.cnbb.org.br\/cnbb-app\/wp\/v2\/posts\/15068\/revisions"}],"wp:featuredmedia":[{"embeddable":true,"href":"https:\/\/www.cnbb.org.br\/cnbb-app\/wp\/v2\/media\/15069"}],"wp:attachment":[{"href":"https:\/\/www.cnbb.org.br\/cnbb-app\/wp\/v2\/media?parent=15068"}],"wp:term":[{"taxonomy":"category","embeddable":true,"href":"https:\/\/www.cnbb.org.br\/cnbb-app\/wp\/v2\/categories?post=15068"},{"taxonomy":"post_tag","embeddable":true,"href":"https:\/\/www.cnbb.org.br\/cnbb-app\/wp\/v2\/tags?post=15068"}],"curies":[{"name":"wp","href":"https:\/\/api.w.org\/{rel}","templated":true}]}}