{"id":15070,"date":"2011-10-04T00:00:00","date_gmt":"2011-10-04T03:00:00","guid":{"rendered":"https:\/\/www.cnbb.org.br\/dom-celli-e-a-era-digital-na-igreja\/"},"modified":"2011-10-04T00:00:00","modified_gmt":"2011-10-04T03:00:00","slug":"dom-celli-e-a-era-digital-na-igreja","status":"publish","type":"post","link":"https:\/\/www.cnbb.org.br\/dom-celli-e-a-era-digital-na-igreja\/","title":{"rendered":"Dom celli e a era digital na Igreja"},"content":{"rendered":"<p style=\"text-align: justify\">A Igreja tem de falar a linguagem do homem moderno, se quer ser entendida. Esta foi uma das mensagens que o Presidente do Pontif\u00edcio Conselho das Comunica\u00e7\u00f5es Sociais, Dom Claudio Maria Celli deixou no \u00faltimo s\u00e1bado nas Jornadas da Comunica\u00e7\u00e3o Social, em F\u00e1tima, no seu discurso sobre a \u201cEra Digital e comunica\u00e7\u00e3o na Igreja Cat\u00f3lica\u201d. \u201cA Igreja deve dialogar com esta cultura digital originada pelas novas tecnologias. Necessitamos fazer este di\u00e1logo, porque \u00e9 o di\u00e1logo com o homem de hoje, cuja vida est\u00e1 marcada, transformada por estas tecnologias. Tenho de falar uma linguagem que o homem e a mulher de hoje entendam. Uma coisa \u00e9 falar com uma crian\u00e7a de 10 anos, outra \u00e9 falar com um homem de 40 ou com um homem de 60, s\u00e3o momentos distintos da vida, e a minha linguagem deve sintonizar-se com a experi\u00eancia humana, com as exig\u00eancias, os desejos, os sofrimentos, as alegrias de cada momento da vida. Esta \u00e9 uma das grandes tarefas da Igreja\u201d, a\ufb01rmou.<\/p>\n<p style=\"text-align: justify\">O presidente Conselho Pontif\u00edcio para as Comunica\u00e7\u00f5es Sociais disse ainda, que o tema escolhido pelo Papa para o pr\u00f3ximo Dia Mundial das Comunica\u00e7\u00f5es \u00e9 \u201cSil\u00eancio e Palavra: caminho de evangeliza\u00e7\u00e3o\u201d. Dom Claudio Maria Celli explicou que Bento XVI e a Igreja se preocupam com o lado \u201chumano\u201d e n\u00e3o apenas tecnol\u00f3gico da nova \u201ccultura digital\u201d. Da\u00ed que o Papa quer alertar, desta vez, para a import\u00e2ncia do sil\u00eancio que o Homem moderno tanto receia, mas que \u00e9 fundamental para a pr\u00f3pria comunica\u00e7\u00e3o que hoje tem demasiado \u201cru\u00eddo\u201d.<\/p>\n<p style=\"text-align: justify\">\u201cO Santo Padre quer convidar-nos a compreender que a comunica\u00e7\u00e3o deve ter sempre uma dimens\u00e3o humana. O Papa pede que a comunica\u00e7\u00e3o, com ou sem tecnologia, seja uma comunica\u00e7\u00e3o profundamente humana e \u00e9 indiscut\u00edvel que se exija um sil\u00eancio\u201d, a\ufb01rmou. Dom Claudio Maria Celli acrescenta que \u201choje em dia as pessoas t\u00eam medo do sil\u00eancio porque \u00e9 um sil\u00eancio vazio e n\u00e3o \u00e9 disto que o Papa quer falar. Quer falar de um cora\u00e7\u00e3o do homem e mulher que procuram o sil\u00eancio para se encontrarem a si mesmos, para se conhecerem a si mesmos, mas, ao mesmo tempo, para ter uma dimens\u00e3o de abertura face ao outro, para que o outro possa entrar no meu cora\u00e7\u00e3o e eu o possa conhecer mais profundamente\u201d.<\/p>\n","protected":false},"excerpt":{"rendered":"<p>A Igreja tem de falar a linguagem do homem moderno, se quer ser entendida. Esta foi uma das mensagens que o Presidente do Pontif\u00edcio Conselho das Comunica\u00e7\u00f5es Sociais, Dom Claudio Maria Celli deixou no \u00faltimo s\u00e1bado nas Jornadas da Comunica\u00e7\u00e3o Social, em F\u00e1tima, no seu discurso sobre a \u201cEra Digital e comunica\u00e7\u00e3o na Igreja Cat\u00f3lica\u201d. &hellip;<\/p>\n<p class=\"read-more\"> <a class=\"\" href=\"https:\/\/www.cnbb.org.br\/dom-celli-e-a-era-digital-na-igreja\/\"> <span class=\"screen-reader-text\">Dom celli e a era digital na Igreja<\/span> Leia mais &raquo;<\/a><\/p>\n","protected":false},"author":83,"featured_media":15071,"comment_status":"open","ping_status":"open","sticky":false,"template":"","format":"standard","meta":{"site-sidebar-layout":"default","site-content-layout":"default","ast-global-header-display":"","ast-banner-title-visibility":"","ast-main-header-display":"","ast-hfb-above-header-display":"","ast-hfb-below-header-display":"","ast-hfb-mobile-header-display":"","site-post-title":"","ast-breadcrumbs-content":"","ast-featured-img":"","footer-sml-layout":"","theme-transparent-header-meta":"","adv-header-id-meta":"","stick-header-meta":"","header-above-stick-meta":"","header-main-stick-meta":"","header-below-stick-meta":""},"categories":[1],"tags":[],"acf":[],"_links":{"self":[{"href":"https:\/\/www.cnbb.org.br\/cnbb-app\/wp\/v2\/posts\/15070"}],"collection":[{"href":"https:\/\/www.cnbb.org.br\/cnbb-app\/wp\/v2\/posts"}],"about":[{"href":"https:\/\/www.cnbb.org.br\/cnbb-app\/wp\/v2\/types\/post"}],"author":[{"embeddable":true,"href":"https:\/\/www.cnbb.org.br\/cnbb-app\/wp\/v2\/users\/83"}],"replies":[{"embeddable":true,"href":"https:\/\/www.cnbb.org.br\/cnbb-app\/wp\/v2\/comments?post=15070"}],"version-history":[{"count":0,"href":"https:\/\/www.cnbb.org.br\/cnbb-app\/wp\/v2\/posts\/15070\/revisions"}],"wp:featuredmedia":[{"embeddable":true,"href":"https:\/\/www.cnbb.org.br\/cnbb-app\/wp\/v2\/media\/15071"}],"wp:attachment":[{"href":"https:\/\/www.cnbb.org.br\/cnbb-app\/wp\/v2\/media?parent=15070"}],"wp:term":[{"taxonomy":"category","embeddable":true,"href":"https:\/\/www.cnbb.org.br\/cnbb-app\/wp\/v2\/categories?post=15070"},{"taxonomy":"post_tag","embeddable":true,"href":"https:\/\/www.cnbb.org.br\/cnbb-app\/wp\/v2\/tags?post=15070"}],"curies":[{"name":"wp","href":"https:\/\/api.w.org\/{rel}","templated":true}]}}