{"id":15072,"date":"2011-10-31T00:00:00","date_gmt":"2011-10-31T02:00:00","guid":{"rendered":"https:\/\/www.cnbb.org.br\/seminario-discute-espiritualidade-nos-meios-de-comunicacao\/"},"modified":"2011-10-31T00:00:00","modified_gmt":"2011-10-31T02:00:00","slug":"seminario-discute-espiritualidade-nos-meios-de-comunicacao","status":"publish","type":"post","link":"https:\/\/www.cnbb.org.br\/seminario-discute-espiritualidade-nos-meios-de-comunicacao\/","title":{"rendered":"Semin\u00e1rio discute espiritualidade nos meios de Comunica\u00e7\u00e3o"},"content":{"rendered":"<p style=\"text-align: justify\">Na noite da \u00faltima sexta-feira, 28, teve in\u00edcio na diocese de Crici\u00fama (SC) o 2\u00ba Semin\u00e1rio de Novas M\u00eddias e Novas Tecnologias, promovido pelo Regional Sul 4 da CNBB (Santa Catarina). O evento aconteceu na par\u00f3quia Nossa Senhora da Natividade, em Cocal do Sul, e abordou, em sua primeira palestra, o tema: \u201cA import\u00e2ncia da espiritualidade no uso das Novas M\u00eddias e Novas Tecnologias\u201d.<\/p>\n<p><!--more--><\/p>\n<p style=\"text-align: justify\">Antes da primeira palestra do Semin\u00e1rio, os participantes foram recebidos com as boas vindas do bispo da Diocese de Crici\u00fama, dom Jacinto In\u00e1cio Flach. \u201cOs meios s\u00e3o essenciais para nossa Evangeliza\u00e7\u00e3o. Vivemos numa mudan\u00e7a de \u00e9poca com maneiras diferentes de pensar, sentir e viver. Se a Boa Nova n\u00e3o tivesse chegado aos cora\u00e7\u00f5es h\u00e1 dois mil anos, como seria este mundo? Mesmo que n\u00e3o saibamos dominar toda esta tecnologia, temos que participar e viver este esp\u00edrito, pois a Boa Nova est\u00e1 no cora\u00e7\u00e3o daqueles que acreditam e participam dela. Que todos os palestrantes sejam muito aben\u00e7oados e iluminados pelo Esp\u00edrito\u201d \u2013 disse o bispo ao saudar os mais de 100 participantes.<\/p>\n<p style=\"text-align: justify\"><img decoding=\"async\" loading=\"lazy\" class=\" alignleft size-full wp-image-12437\" style=\"float: left\" src=\"https:\/\/www.cnbb.org.br\/wp-content\/uploads\/2020\/03\/domflackcriciuma.jpg\" alt=\"domflackcriciuma\" width=\"300\" height=\"200\" \/>O 2\u00ba Semin\u00e1rio de Novas M\u00eddias e Novas Tecnologias contou com a participa\u00e7\u00e3o do subsecret\u00e1rio adjunto de pastoral da CNBB, padre Francisco de Assis Wloch, que tamb\u00e9m se pronunciou durante a abertura do encontro. Segundo o padre Francisco, o objetivo no uso dos meios deve ser o de \u201catingir e modificar pela for\u00e7a do Evangelho\u201d.<\/p>\n","protected":false},"excerpt":{"rendered":"<p>Na noite da \u00faltima sexta-feira, 28, teve in\u00edcio na diocese de Crici\u00fama (SC) o 2\u00ba Semin\u00e1rio de Novas M\u00eddias e Novas Tecnologias, promovido pelo Regional Sul 4 da CNBB (Santa Catarina). O evento aconteceu na par\u00f3quia Nossa Senhora da Natividade, em Cocal do Sul, e abordou, em sua primeira palestra, o tema: \u201cA import\u00e2ncia da &hellip;<\/p>\n<p class=\"read-more\"> <a class=\"\" href=\"https:\/\/www.cnbb.org.br\/seminario-discute-espiritualidade-nos-meios-de-comunicacao\/\"> <span class=\"screen-reader-text\">Semin\u00e1rio discute espiritualidade nos meios de Comunica\u00e7\u00e3o<\/span> Leia mais &raquo;<\/a><\/p>\n","protected":false},"author":83,"featured_media":15073,"comment_status":"open","ping_status":"open","sticky":false,"template":"","format":"standard","meta":{"site-sidebar-layout":"default","site-content-layout":"default","ast-global-header-display":"","ast-banner-title-visibility":"","ast-main-header-display":"","ast-hfb-above-header-display":"","ast-hfb-below-header-display":"","ast-hfb-mobile-header-display":"","site-post-title":"","ast-breadcrumbs-content":"","ast-featured-img":"","footer-sml-layout":"","theme-transparent-header-meta":"","adv-header-id-meta":"","stick-header-meta":"","header-above-stick-meta":"","header-main-stick-meta":"","header-below-stick-meta":""},"categories":[1],"tags":[],"acf":[],"_links":{"self":[{"href":"https:\/\/www.cnbb.org.br\/cnbb-app\/wp\/v2\/posts\/15072"}],"collection":[{"href":"https:\/\/www.cnbb.org.br\/cnbb-app\/wp\/v2\/posts"}],"about":[{"href":"https:\/\/www.cnbb.org.br\/cnbb-app\/wp\/v2\/types\/post"}],"author":[{"embeddable":true,"href":"https:\/\/www.cnbb.org.br\/cnbb-app\/wp\/v2\/users\/83"}],"replies":[{"embeddable":true,"href":"https:\/\/www.cnbb.org.br\/cnbb-app\/wp\/v2\/comments?post=15072"}],"version-history":[{"count":0,"href":"https:\/\/www.cnbb.org.br\/cnbb-app\/wp\/v2\/posts\/15072\/revisions"}],"wp:featuredmedia":[{"embeddable":true,"href":"https:\/\/www.cnbb.org.br\/cnbb-app\/wp\/v2\/media\/15073"}],"wp:attachment":[{"href":"https:\/\/www.cnbb.org.br\/cnbb-app\/wp\/v2\/media?parent=15072"}],"wp:term":[{"taxonomy":"category","embeddable":true,"href":"https:\/\/www.cnbb.org.br\/cnbb-app\/wp\/v2\/categories?post=15072"},{"taxonomy":"post_tag","embeddable":true,"href":"https:\/\/www.cnbb.org.br\/cnbb-app\/wp\/v2\/tags?post=15072"}],"curies":[{"name":"wp","href":"https:\/\/api.w.org\/{rel}","templated":true}]}}