{"id":15076,"date":"2011-11-23T00:00:00","date_gmt":"2011-11-23T02:00:00","guid":{"rendered":"https:\/\/www.cnbb.org.br\/agentes-da-pascom-debatem-documento-de-estudo-101-da-cnbb\/"},"modified":"2020-04-19T17:26:54","modified_gmt":"2020-04-19T20:26:54","slug":"agentes-da-pascom-debatem-documento-de-estudo-101-da-cnbb","status":"publish","type":"post","link":"https:\/\/www.cnbb.org.br\/agentes-da-pascom-debatem-documento-de-estudo-101-da-cnbb\/","title":{"rendered":"Agentes da Pascom debatem Documento de Estudo 101 da CNBB"},"content":{"rendered":"<p style=\"text-align: justify\">Cerca de 80 agentes da Pastoral da Comunica\u00e7\u00e3o (Pascom) das arquidioceses e dioceses que integram o Regional Sul 1 da CNBB (S\u00e3o Paulo), reuniram-se de 18 a 20 de novembro, em Jundia\u00ed (SP), para discutir sobre &#8220;A comunica\u00e7\u00e3o na vida e miss\u00e3o da Igreja no Brasil&#8221;. O evento, promovido pela Pastoral da Comunica\u00e7\u00e3o realizou-se no Centro de Conviv\u00eancia &#8220;M\u00e3e do Bom Conselho&#8221;, no bairro Col\u00f4nia.<\/p>\n<p><!--more--><\/p>\n<p style=\"text-align: justify\">De acordo com informa\u00e7\u00f5es da coordena\u00e7\u00e3o do evento, o objetivo do encontro foi promover e debater uma reflex\u00e3o sobre o Documento de Estudos 101 da CNBB &#8220;A comunica\u00e7\u00e3o na vida e miss\u00e3o da Igreja no Brasil&#8221;, al\u00e9m de ser uma oportunidade para troca de experi\u00eancias, reflex\u00f5es e interc\u00e2mbio, entre os agentes dessa Pastoral no Regional.<\/p>\n<p style=\"text-align: justify\">Para contribuir com esse debate, foi convidado o jornalista e diretor art\u00edstico da Rede Aparecida de Televis\u00e3o, padre Evaldo C\u00e9sar de Souza, que nos tr\u00eas dias falou sobre o tema do encontro.<\/p>\n<p style=\"text-align: justify\">Inicialmente o padre Evaldo apresentou um apanhado geral sobre o significado da comunica\u00e7\u00e3o e sua evolu\u00e7\u00e3o ao longo da hist\u00f3ria, passando por teorias da comunica\u00e7\u00e3o, s\u00edmbolos, e semi\u00f3tica, contextualizando com a evolu\u00e7\u00e3o dos meios e os caminhos trilhados pela Igreja no que se refere ao assunto comunica\u00e7\u00e3o.<\/p>\n<p style=\"text-align: justify\">Para o padre, a Pascom deve ser uma pastoral que d\u00e1 for\u00e7a org\u00e2nica as demais pastorais existentes na Igreja, com o desafio de trabalhar na sociedade midi\u00e1tica (de informa\u00e7\u00e3o). Ele destacou pontos importantes do Estudo 101, tra\u00e7ando um paralelo com suas experi\u00eancias como profissional de comunica\u00e7\u00e3o na TV Aparecida, dando pistas importantes para que os agentes possam desenvolv\u00ea-las em suas arquidioceses.<\/p>\n<p style=\"text-align: justify\">O bispo de Jundia\u00ed, dom Vicente Costa, acolheu todos os participantes na noite de abertura e presidiu a missa no s\u00e1bado. Dirigida aos participantes, foi lida na abertura do encontro, a mensagem da Presid\u00eancia do Regional Sul 1, onde se destacam as Diretrizes Gerais da A\u00e7\u00e3o Evangelizadora da Igreja no Brasil.<\/p>\n<p style=\"text-align: justify\">Dom Jos\u00e9 Moreira de Melo, bispo referencial da Pascom no Regional esteve presente durante todo encontro, que tamb\u00e9m contou com a presen\u00e7a da irm\u00e3 Maria Celeste Ghilslandi, assessora da Pascom, do padre Marcos Vin\u00edcius (coordenador) e demais membros da coordena\u00e7\u00e3o da Pascom no Regional.<\/p>\n<p style=\"text-align: justify\">Al\u00e9m dos agentes da Pastoral da Comunica\u00e7\u00e3o, participaram tamb\u00e9m do evento profissionais da \u00e1rea, estudantes e representantes da m\u00eddia cat\u00f3lica.<\/p>\n","protected":false},"excerpt":{"rendered":"<p>Cerca de 80 agentes da Pastoral da Comunica\u00e7\u00e3o (Pascom) das arquidioceses e dioceses que integram o Regional Sul 1 da CNBB (S\u00e3o Paulo), reuniram-se de 18 a 20 de novembro, em Jundia\u00ed (SP), para discutir sobre &#8220;A comunica\u00e7\u00e3o na vida e miss\u00e3o da Igreja no Brasil&#8221;. O evento, promovido pela Pastoral da Comunica\u00e7\u00e3o realizou-se no &hellip;<\/p>\n<p class=\"read-more\"> <a class=\"\" href=\"https:\/\/www.cnbb.org.br\/agentes-da-pascom-debatem-documento-de-estudo-101-da-cnbb\/\"> <span class=\"screen-reader-text\">Agentes da Pascom debatem Documento de Estudo 101 da CNBB<\/span> Leia mais &raquo;<\/a><\/p>\n","protected":false},"author":83,"featured_media":15077,"comment_status":"open","ping_status":"open","sticky":false,"template":"","format":"standard","meta":{"site-sidebar-layout":"default","site-content-layout":"default","ast-global-header-display":"","ast-banner-title-visibility":"","ast-main-header-display":"","ast-hfb-above-header-display":"","ast-hfb-below-header-display":"","ast-hfb-mobile-header-display":"","site-post-title":"","ast-breadcrumbs-content":"","ast-featured-img":"","footer-sml-layout":"","theme-transparent-header-meta":"","adv-header-id-meta":"","stick-header-meta":"","header-above-stick-meta":"","header-main-stick-meta":"","header-below-stick-meta":""},"categories":[878,1],"tags":[],"acf":[],"_links":{"self":[{"href":"https:\/\/www.cnbb.org.br\/cnbb-app\/wp\/v2\/posts\/15076"}],"collection":[{"href":"https:\/\/www.cnbb.org.br\/cnbb-app\/wp\/v2\/posts"}],"about":[{"href":"https:\/\/www.cnbb.org.br\/cnbb-app\/wp\/v2\/types\/post"}],"author":[{"embeddable":true,"href":"https:\/\/www.cnbb.org.br\/cnbb-app\/wp\/v2\/users\/83"}],"replies":[{"embeddable":true,"href":"https:\/\/www.cnbb.org.br\/cnbb-app\/wp\/v2\/comments?post=15076"}],"version-history":[{"count":0,"href":"https:\/\/www.cnbb.org.br\/cnbb-app\/wp\/v2\/posts\/15076\/revisions"}],"wp:featuredmedia":[{"embeddable":true,"href":"https:\/\/www.cnbb.org.br\/cnbb-app\/wp\/v2\/media\/15077"}],"wp:attachment":[{"href":"https:\/\/www.cnbb.org.br\/cnbb-app\/wp\/v2\/media?parent=15076"}],"wp:term":[{"taxonomy":"category","embeddable":true,"href":"https:\/\/www.cnbb.org.br\/cnbb-app\/wp\/v2\/categories?post=15076"},{"taxonomy":"post_tag","embeddable":true,"href":"https:\/\/www.cnbb.org.br\/cnbb-app\/wp\/v2\/tags?post=15076"}],"curies":[{"name":"wp","href":"https:\/\/api.w.org\/{rel}","templated":true}]}}