{"id":15082,"date":"2011-12-07T00:00:00","date_gmt":"2011-12-07T02:00:00","guid":{"rendered":"https:\/\/www.cnbb.org.br\/inscricoes-abertas-para-os-qpremios-de-comunicacaoq-da-cnbb\/"},"modified":"2011-12-07T00:00:00","modified_gmt":"2011-12-07T02:00:00","slug":"inscricoes-abertas-para-os-qpremios-de-comunicacaoq-da-cnbb","status":"publish","type":"post","link":"https:\/\/www.cnbb.org.br\/inscricoes-abertas-para-os-qpremios-de-comunicacaoq-da-cnbb\/","title":{"rendered":"Inscri\u00e7\u00f5es abertas para os Pr\u00eamios de Comunica\u00e7\u00e3o da CNBB"},"content":{"rendered":"<p style=\"text-align: justify\">Est\u00e3o abertas at\u00e9 o dia 17 de mar\u00e7o de 2012 as inscri\u00e7\u00f5es para os \u201cPr\u00eamios de Comunica\u00e7\u00e3o da CNBB\u201d. Ser\u00e3o escolhidos os melhores trabalhos publicados entre 2011 e 2012, cujos os objetivos coincidam com valores humanos crist\u00e3os e \u00e9ticos. A cerim\u00f4nia de entrega dos pr\u00eamios acontecer\u00e1 durante a 50a. assembl\u00e9ia anual dos bispos, no dia 20 de abril, em Aparecida (SP) e ser\u00e1 transmitida pela TV Aparecida, TV Can\u00e7\u00e3o Nova, Rede Vida de Televis\u00e3o, TV Terceiro Mil\u00eanio, TV Nazar\u00e9, TV Horizonte, TV s\u00e9culo XXI, como tamb\u00e9m pelas 230 emissoras de r\u00e1dio associadas da Rede Cat\u00f3lica de R\u00e1dio.<\/p>\n<p><!--more--><\/p>\n<p style=\"text-align: justify\">Professor Miguel Pereira, da Pontif\u00edcia Universidade Cat\u00f3lica do Rio de Janeiro, profundo conhecedor do significado dessa premia\u00e7\u00e3o ressalta que, ao criar os pr\u00eamios Margarida de Prata para o cinema, Microfone de Prata para o r\u00e1dio, Clara de Assis para a televis\u00e3o e Dom H\u00e9lder C\u00e2mara para a imprensa, a Confer\u00eancia dos Bispos buscou estabelecer um di\u00e1logo com o mundo da comunica\u00e7\u00e3o, da cultura e da cria\u00e7\u00e3o art\u00edstica, e, ao mesmo tempo, reconhecer e valorizar o trabalho dos profissionais que se empenham no sentido de produzir obras de qualidade que dignifiquem o ser humano como protagonista e sujeito da hist\u00f3ria. Al\u00e9m disso, destaca tamb\u00e9m os valores impressos nessas obras como testemunhos de um olhar atento ao que acontece em nossa sociedade, atrav\u00e9s da den\u00fancia de seus erros ou omiss\u00f5es, ou da afirma\u00e7\u00e3o de viv\u00eancias que se tornam exemplos e modelos de atua\u00e7\u00e3o para a constru\u00e7\u00e3o de um mundo melhor, mais solid\u00e1rio e fraterno. Os pr\u00eamios levam em conta tamb\u00e9m a valoriza\u00e7\u00e3o da dimens\u00e3o espiritual do ser humano e sua capacidade de construir o bem, al\u00e9m da qualidade t\u00e9cnica e art\u00edstica das obras. Por fim, incentiva e propaga a difus\u00e3o dessa produ\u00e7\u00e3o no sentido torn\u00e1-la conhecida e amplamente consumida, atrav\u00e9s de suas estruturas de governo e comunica\u00e7\u00e3o.<\/p>\n<p style=\"text-align: justify\">\u201cO mais antigo dos pr\u00eamios \u00e9 o Margarida de Prata que foi criado em 1967 e j\u00e1 premiou mais de 100 filmes brasileiros entre longas e curtas-metragens e men\u00e7\u00f5es especiais. \u00c9 reconhecido pelos cineastas e produtores nacionais como um pr\u00eamio de qualidade das obras em seus aspectos tem\u00e1ticos, art\u00edsticos e t\u00e9cnicos, al\u00e9m do prest\u00edgio que confere aos autores. J\u00e1 receberam o Margarida de Prata, entre outros de uma longa lista, cineastas como Walter Salles por Central do Brasil, Terra estrangeira e Abril despeda\u00e7ado; Silvio Tendler por Os anos JK, Jango, Castro Alves- Retrato do poeta e Utopia e barb\u00e1rie, Josu\u00e9 de Castro, cidad\u00e3o do mundo; Roberto Farias por Pra frente Brasi; Leon Hirszmann por S\u00e3o Bernardo, Eles n\u00e3o usam black-tie e Imagens do inconsciente; Jo\u00e3o Moreira Salles por Nelson Freire, Not\u00edcias de uma guerra particular e Santiago; Vladimir Carvalho por Pedra da riqueza, Evangelho segundo Teot\u00f4nio, Conterr\u00e2neos velhos de guerra; Eduardo Coutinho por Boca de lixo, O fio da mem\u00f3ria, Santo Forte, Edif\u00edciio Master; Nelson Pereira dos Santos por A terceira margem do rio e Ra\u00edzes do Brasil\u201d, relata professor Miguel Pereira.<\/p>\n<p style=\"text-align: justify\">O professor ainda lembra que o pr\u00eamio Microfone de Prata foi institu\u00eddo pela Rede Cat\u00f3lica de Radio e \u00e9 abribu\u00eddo aos programas dessas emissoras que melhor anunciam os conte\u00fados em favor de uma evangeliza\u00e7\u00e3o e de uma consci\u00eancia cidad\u00e3 mais presente na vida social brasileira. \u00c9 tamb\u00e9m uma forma de incentivo para os comunicadores cat\u00f3licos no sentido do aprimoramento de seu trabalho e no empenho de uma difus\u00e3o cada vez mais ampla e abrangente da mensagem crist\u00e3 pelas ondas e espa\u00e7os virtuais.\u00a0 O pr\u00eamio Dom H\u00e9lder C\u00e2mara de Imprensa foi criado para destacar as reportagens e mat\u00e9rias que ressaltam os valores humanos ou denunciam as suas viola\u00e7\u00f5es. Reconhece tamb\u00e9m a informa\u00e7\u00e3o construtiva e a boa not\u00edcia veiculada pela imprensa brasileira. O \u00faltimo pr\u00eamio criado pela CNBB foi o Clara de Assis que distingue obras jornal\u00edsticas, ficcionais ou de entretenimento que evidenciam valores humanos e crist\u00e3os em suas propostas.<\/p>\n<p style=\"text-align: justify\">Cada um dos pr\u00eamios tem regulamento pr\u00f3prio sobre os crit\u00e9rios de participa\u00e7\u00e3o e esses documentos juntamente com as fichas de inscri\u00e7\u00e3o est\u00e3o dispon\u00edveis no link:<\/p>\n<p style=\"text-align: justify\">https:\/\/www.cnbb.org.br\/premioscomunicacao\/index.html<\/p>\n","protected":false},"excerpt":{"rendered":"<p>Est\u00e3o abertas at\u00e9 o dia 17 de mar\u00e7o de 2012 as inscri\u00e7\u00f5es para os \u201cPr\u00eamios de Comunica\u00e7\u00e3o da CNBB\u201d. Ser\u00e3o escolhidos os melhores trabalhos publicados entre 2011 e 2012, cujos os objetivos coincidam com valores humanos crist\u00e3os e \u00e9ticos. A cerim\u00f4nia de entrega dos pr\u00eamios acontecer\u00e1 durante a 50a. assembl\u00e9ia anual dos bispos, no dia &hellip;<\/p>\n<p class=\"read-more\"> <a class=\"\" href=\"https:\/\/www.cnbb.org.br\/inscricoes-abertas-para-os-qpremios-de-comunicacaoq-da-cnbb\/\"> <span class=\"screen-reader-text\">Inscri\u00e7\u00f5es abertas para os Pr\u00eamios de Comunica\u00e7\u00e3o da CNBB<\/span> Leia mais &raquo;<\/a><\/p>\n","protected":false},"author":83,"featured_media":15083,"comment_status":"open","ping_status":"open","sticky":false,"template":"","format":"standard","meta":{"site-sidebar-layout":"default","site-content-layout":"default","ast-global-header-display":"","ast-banner-title-visibility":"","ast-main-header-display":"","ast-hfb-above-header-display":"","ast-hfb-below-header-display":"","ast-hfb-mobile-header-display":"","site-post-title":"","ast-breadcrumbs-content":"","ast-featured-img":"","footer-sml-layout":"","theme-transparent-header-meta":"","adv-header-id-meta":"","stick-header-meta":"","header-above-stick-meta":"","header-main-stick-meta":"","header-below-stick-meta":""},"categories":[1],"tags":[],"acf":[],"_links":{"self":[{"href":"https:\/\/www.cnbb.org.br\/cnbb-app\/wp\/v2\/posts\/15082"}],"collection":[{"href":"https:\/\/www.cnbb.org.br\/cnbb-app\/wp\/v2\/posts"}],"about":[{"href":"https:\/\/www.cnbb.org.br\/cnbb-app\/wp\/v2\/types\/post"}],"author":[{"embeddable":true,"href":"https:\/\/www.cnbb.org.br\/cnbb-app\/wp\/v2\/users\/83"}],"replies":[{"embeddable":true,"href":"https:\/\/www.cnbb.org.br\/cnbb-app\/wp\/v2\/comments?post=15082"}],"version-history":[{"count":0,"href":"https:\/\/www.cnbb.org.br\/cnbb-app\/wp\/v2\/posts\/15082\/revisions"}],"wp:featuredmedia":[{"embeddable":true,"href":"https:\/\/www.cnbb.org.br\/cnbb-app\/wp\/v2\/media\/15083"}],"wp:attachment":[{"href":"https:\/\/www.cnbb.org.br\/cnbb-app\/wp\/v2\/media?parent=15082"}],"wp:term":[{"taxonomy":"category","embeddable":true,"href":"https:\/\/www.cnbb.org.br\/cnbb-app\/wp\/v2\/categories?post=15082"},{"taxonomy":"post_tag","embeddable":true,"href":"https:\/\/www.cnbb.org.br\/cnbb-app\/wp\/v2\/tags?post=15082"}],"curies":[{"name":"wp","href":"https:\/\/api.w.org\/{rel}","templated":true}]}}