{"id":15088,"date":"2012-02-02T00:00:00","date_gmt":"2012-02-02T02:00:00","guid":{"rendered":"https:\/\/www.cnbb.org.br\/coordenacao-da-5o-semana-social-brasileira-se-reune-para-tratar-da-comunicacao-do-evento\/"},"modified":"2012-02-02T00:00:00","modified_gmt":"2012-02-02T02:00:00","slug":"coordenacao-da-5o-semana-social-brasileira-se-reune-para-tratar-da-comunicacao-do-evento","status":"publish","type":"post","link":"https:\/\/www.cnbb.org.br\/coordenacao-da-5o-semana-social-brasileira-se-reune-para-tratar-da-comunicacao-do-evento\/","title":{"rendered":"Coordena\u00e7\u00e3o da 5\u00aa Semana Social Brasileira se re\u00fane para tratar da comunica\u00e7\u00e3o do evento"},"content":{"rendered":"<p style=\"text-align: justify\">No \u00faltimo dia 31 de janeiro, houve uma reuni\u00e3o com todos os membros da equipe executiva de coordena\u00e7\u00e3o, que planeja as a\u00e7\u00f5es da 5\u00aa Semana Social Brasileira, em Bras\u00edlia. V\u00e1rias institui\u00e7\u00f5es estavam presentes na reuni\u00e3o que tratou da comunica\u00e7\u00e3o. Estavam nesta reuni\u00e3o representantes do Conselho Nacional de Igrejas Crist\u00e3s do Brasil (CONIC), da C\u00e1ritas, do Instituto Brasileiro de Desenvolvimento (IBRADES), ligado aos jesu\u00edtas. A participa\u00e7\u00e3o tamb\u00e9m engloba todas as dioceses e pastorais ligadas \u00e0 Comiss\u00e3o Episcopal Pastoral para o Servi\u00e7o da Caridade, Justi\u00e7a e da Paz.<\/p>\n<p><!--more--><\/p>\n<p style=\"text-align: justify\">O tema do evento ser\u00e1 \u201cEstado pra qu\u00ea e pra quem?\u201d. O objetivo da reuni\u00e3o foi construir o site da 5\u00aa Semana, inclusive com temas discutidos nas edi\u00e7\u00f5es anteriores. A p\u00e1gina ainda est\u00e1 em constru\u00e7\u00e3o, e nela ir\u00e3o constar todas as informa\u00e7\u00f5es das semanas sociais brasileiras a serem realizadas nas dioceses. A previs\u00e3o \u00e9 de que esteja finalizada at\u00e9 o final de fevereiro.<\/p>\n<p style=\"text-align: justify\">O articulador da 5\u00aa Semana Social Brasileira, padre Nelito Dornelas, falou sobre o nome do evento. \u201cO termo \u201cSemana\u201d \u00e9 como uma marca. Em 2010, um grupo estudou como organizar a 5\u00aa Semana o ano todo, e em maio de 2011, a organiza\u00e7\u00e3o foi assumida pelos bispos na sua Assembleia. Em agosto de 2011, foi apresentada aos bispos, na reuni\u00e3o do Conselho Episcopal Pastoral (Consep)\u201d, explica.<\/p>\n<p style=\"text-align: justify\">O processo de organiza\u00e7\u00e3o do trabalho come\u00e7ou desde agosto do ano passado, e agora os regionais e todas as dioceses e pastorais ligadas \u00e0 Comiss\u00e3o Caridade, Justi\u00e7a e da Paz trabalham realizando as suas semanas sociais.<\/p>\n<p style=\"text-align: justify\">Neste ano, cada diocese e Regional trabalhar\u00e3o o tema proposto para que em maio de 2013 aconte\u00e7a o grande evento em Bras\u00edlia. Na ocasi\u00e3o ser\u00e3o propostos debates a respeito de quest\u00f5es sociais, a partir da doutrina social da Igreja trazendo como proposta a reflex\u00e3o sobre o papel do Estado na vida dos brasileiros em uma perspectiva cr\u00edtica e propositiva, pois participar implica em ter consci\u00eancia das dificuldades e erros, mas tamb\u00e9m propor outros caminhos.<\/p>\n<p style=\"text-align: justify\">\u201c\u00c9 um instrumento de di\u00e1logo entre igreja e sociedade, sobretudo com aqueles que n\u00e3o tem poder, exclu\u00eddos, e que est\u00e3o lutando para adquirir direitos\u201d, afirmou padre Nelito. As semanas sociais desempenham importante papel na a\u00e7\u00e3o evangelizadora da Igreja. Assim como as Pastorais Sociais, as reflex\u00f5es propostas no encontro contribuem para intensificar a presen\u00e7a p\u00fablica da Igreja na realidade s\u00f3cio\/pol\u00edtica\/econ\u00f4mica, objetivando a transforma\u00e7\u00e3o da sociedade.<\/p>\n<p style=\"text-align: justify\"><strong>Sobre as semanas sociais anteriores<\/strong><\/p>\n<p style=\"text-align: justify\">As semanas sociais s\u00e3o parte da a\u00e7\u00e3o evangelizadora da igreja. A primeira Semana Social Brasileira Foi realizada em 1991, de 03 a 08 de novembro. Tinha a finalidade de celebrar, no Brasil, os cem anos da Rerum Novarum. Seu tema central foi o Mundo do Trabalho, Desafios e Perspectivas.<\/p>\n<p style=\"text-align: justify\">A Segunda Semana Social teve in\u00edcio em meados de 1992, estendendo sua realiza\u00e7\u00e3o ao longo de dois anos, sendo que o grande evento foi realizado em nos dias 24 a 29 de julho de 1994. Seu tema central foi Brasil \u2013 Alternativas e Protagonistas. Seu enfoque foi nos candidatos a presidente, \u00e0s v\u00e9speras da campanha eleitoral daquele ano.<\/p>\n<p style=\"text-align: justify\">A Terceira Semana Social Brasileira ampliou para tr\u00eas anos seu tempo de dura\u00e7\u00e3o, coincidindo com o tr\u00edduo de prepara\u00e7\u00e3o para o Jubileu do ano 2000. Com a proposta Resgate das D\u00edvidas Sociais \u2013 Justi\u00e7a e Solidariedade na constru\u00e7\u00e3o de uma sociedade democr\u00e1tica.<\/p>\n<p style=\"text-align: justify\">A Quarta Semana Social, realizada entre 2004 e 2006 com tema Mutir\u00e3o por um Novo Brasil, multiplicou-se em 268 Semanas Sociais em todo pa\u00eds.<\/p>\n","protected":false},"excerpt":{"rendered":"<p>No \u00faltimo dia 31 de janeiro, houve uma reuni\u00e3o com todos os membros da equipe executiva de coordena\u00e7\u00e3o, que planeja as a\u00e7\u00f5es da 5\u00aa Semana Social Brasileira, em Bras\u00edlia. V\u00e1rias institui\u00e7\u00f5es estavam presentes na reuni\u00e3o que tratou da comunica\u00e7\u00e3o. Estavam nesta reuni\u00e3o representantes do Conselho Nacional de Igrejas Crist\u00e3s do Brasil (CONIC), da C\u00e1ritas, do &hellip;<\/p>\n<p class=\"read-more\"> <a class=\"\" href=\"https:\/\/www.cnbb.org.br\/coordenacao-da-5o-semana-social-brasileira-se-reune-para-tratar-da-comunicacao-do-evento\/\"> <span class=\"screen-reader-text\">Coordena\u00e7\u00e3o da 5\u00aa Semana Social Brasileira se re\u00fane para tratar da comunica\u00e7\u00e3o do evento<\/span> Leia mais &raquo;<\/a><\/p>\n","protected":false},"author":83,"featured_media":15089,"comment_status":"open","ping_status":"open","sticky":false,"template":"","format":"standard","meta":{"site-sidebar-layout":"default","site-content-layout":"default","ast-global-header-display":"","ast-banner-title-visibility":"","ast-main-header-display":"","ast-hfb-above-header-display":"","ast-hfb-below-header-display":"","ast-hfb-mobile-header-display":"","site-post-title":"","ast-breadcrumbs-content":"","ast-featured-img":"","footer-sml-layout":"","theme-transparent-header-meta":"","adv-header-id-meta":"","stick-header-meta":"","header-above-stick-meta":"","header-main-stick-meta":"","header-below-stick-meta":""},"categories":[1],"tags":[],"acf":[],"_links":{"self":[{"href":"https:\/\/www.cnbb.org.br\/cnbb-app\/wp\/v2\/posts\/15088"}],"collection":[{"href":"https:\/\/www.cnbb.org.br\/cnbb-app\/wp\/v2\/posts"}],"about":[{"href":"https:\/\/www.cnbb.org.br\/cnbb-app\/wp\/v2\/types\/post"}],"author":[{"embeddable":true,"href":"https:\/\/www.cnbb.org.br\/cnbb-app\/wp\/v2\/users\/83"}],"replies":[{"embeddable":true,"href":"https:\/\/www.cnbb.org.br\/cnbb-app\/wp\/v2\/comments?post=15088"}],"version-history":[{"count":0,"href":"https:\/\/www.cnbb.org.br\/cnbb-app\/wp\/v2\/posts\/15088\/revisions"}],"wp:featuredmedia":[{"embeddable":true,"href":"https:\/\/www.cnbb.org.br\/cnbb-app\/wp\/v2\/media\/15089"}],"wp:attachment":[{"href":"https:\/\/www.cnbb.org.br\/cnbb-app\/wp\/v2\/media?parent=15088"}],"wp:term":[{"taxonomy":"category","embeddable":true,"href":"https:\/\/www.cnbb.org.br\/cnbb-app\/wp\/v2\/categories?post=15088"},{"taxonomy":"post_tag","embeddable":true,"href":"https:\/\/www.cnbb.org.br\/cnbb-app\/wp\/v2\/tags?post=15088"}],"curies":[{"name":"wp","href":"https:\/\/api.w.org\/{rel}","templated":true}]}}