{"id":15110,"date":"2012-03-25T00:00:00","date_gmt":"2012-03-25T03:00:00","guid":{"rendered":"https:\/\/www.cnbb.org.br\/encontro-de-jornalista-aborda-a-utilizacao-de-redes-sociais-de-forma-institucional\/"},"modified":"2012-03-25T00:00:00","modified_gmt":"2012-03-25T03:00:00","slug":"encontro-de-jornalista-aborda-a-utilizacao-de-redes-sociais-de-forma-institucional","status":"publish","type":"post","link":"https:\/\/www.cnbb.org.br\/encontro-de-jornalista-aborda-a-utilizacao-de-redes-sociais-de-forma-institucional\/","title":{"rendered":"Encontro de jornalista aborda a utiliza\u00e7\u00e3o de redes sociais de forma institucional"},"content":{"rendered":"<p style=\"text-align: justify\">Na segunda parte do Encontro de jornalistas, realizado na tarde de s\u00e1bado, 24, o professor de webjornalismo, Danin J\u00fanior, abordou o tema: \u2018Experi\u00eancia de jornalismo em rede para uma institui\u00e7\u00e3o\u2019. O convidado \u00e9 especialista em \u2018Jornalismo em novas m\u00eddias\u2019, e dividiu sua experi\u00eancia de atua\u00e7\u00e3o na comunica\u00e7\u00e3o digital, do governo de Goi\u00e1s, com os comunicadores participantes do encontro.<\/p>\n<p><!--more--><\/p>\n<p style=\"text-align: justify\">\u201cHoje a comunica\u00e7\u00e3o est\u00e1 mais transparente, e o jornalista \u00e9 respons\u00e1vel por essa transpar\u00eancia ser bem trabalhada\u201d, disse. \u201cO jornalismo institucional mostra a\u00e7\u00f5es positivas do governo. Se tem uma crise, mostramos a\u00e7\u00f5es que est\u00e3o sendo tomadas para combat\u00ea-las\u201d, exemplificou.<\/p>\n<p style=\"text-align: justify\">Danin explica que em uma assessoria, \u201cn\u00e3o basta publicar\u201d mat\u00e9rias e a\u00e7\u00f5es sobre a institui\u00e7\u00e3o (no exemplo dele, o governo o estado de G\u00f3ias), \u00e9 necess\u00e1rio, tamb\u00e9m, haver di\u00e1logo com o p\u00fablico.<br \/>\n\u201cCriamos tr\u00eas perfis por \u00f3rg\u00e3o. Um \u00e9 oficial e apenas registra as a\u00e7\u00f5es. Outro \u00e9 da assessoria e \u00e9 o mais conversador, que fala com o p\u00fablico. O terceiro \u00e9 da personifica\u00e7\u00e3o da institui\u00e7\u00e3o, se for uma secretaria, \u00e9 o perfil do secret\u00e1rio que tamb\u00e9m dialoga, podendo ser gerido por uma assessoria ou pelo pr\u00f3prio secret\u00e1rio\u201d, explicou.<\/p>\n<p style=\"text-align: justify\">Outro ponto mencionado pelo professor \u00e9 a manuten\u00e7\u00e3o pontual das redes, para n\u00e3o ter \u201csurpresas desagrad\u00e1veis\u201d. \u201cVoc\u00ea tem uma conta institucional no facebook e fica alguns dias sem acessar. Ao acessar, se depara com coment\u00e1rios de todo tipo. \u00c9 importante construir uma pol\u00edtica de presen\u00e7a na internet\u201d, afirmou.<\/p>\n<p style=\"text-align: justify\">\u201cNas redes sociais n\u00e3o existem censuras\u201d, disse. Para ele, \u00e9 necess\u00e1rio, ter cautela com outros usu\u00e1rios que utilizam palavras de baixo cal\u00e3o, conte\u00fado agressivo. Quanto a aceitar esse tipop de comet\u00e1rio o professor diz: \u201cN\u00e3o chamo de modera\u00e7\u00e3o, chamo de edi\u00e7\u00e3o. \u00c9 uma gest\u00e3o de conte\u00fado democr\u00e1tica, mas com crit\u00e9rios\u201d, ressaltou.<\/p>\n<p style=\"text-align: justify\">O jornalista acredita que a \u00e9tica profissional est\u00e1 ligada ao car\u00e1ter ideol\u00f3gico. Como exemplo, citou a situa\u00e7\u00e3o de trabalhar na assessoria de uma institui\u00e7\u00e3o, na qual o pr\u00f3prio assessor n\u00e3o acredita. \u201cComo voc\u00ea produz mat\u00e9rias positivas durante o expediente, e depois no perfil pessoal, se contradiz dando uma opini\u00e3o negativa a respeito do mesmo tema?\u201d, questionou.<\/p>\n<p style=\"text-align: justify\">Para uma comunica\u00e7\u00e3o eficaz, o especialista d\u00e1 algumas sugest\u00f5es: \u201cbuscar aprofundamento no conte\u00fado, ter um bom texto e design interessante, enriquecer com imagens e infogr\u00e1ficos; utilizar softwares de anima\u00e7\u00e3o\u201d.<\/p>\n","protected":false},"excerpt":{"rendered":"<p>Na segunda parte do Encontro de jornalistas, realizado na tarde de s\u00e1bado, 24, o professor de webjornalismo, Danin J\u00fanior, abordou o tema: \u2018Experi\u00eancia de jornalismo em rede para uma institui\u00e7\u00e3o\u2019. O convidado \u00e9 especialista em \u2018Jornalismo em novas m\u00eddias\u2019, e dividiu sua experi\u00eancia de atua\u00e7\u00e3o na comunica\u00e7\u00e3o digital, do governo de Goi\u00e1s, com os comunicadores &hellip;<\/p>\n<p class=\"read-more\"> <a class=\"\" href=\"https:\/\/www.cnbb.org.br\/encontro-de-jornalista-aborda-a-utilizacao-de-redes-sociais-de-forma-institucional\/\"> <span class=\"screen-reader-text\">Encontro de jornalista aborda a utiliza\u00e7\u00e3o de redes sociais de forma institucional<\/span> Leia mais &raquo;<\/a><\/p>\n","protected":false},"author":83,"featured_media":0,"comment_status":"open","ping_status":"open","sticky":false,"template":"","format":"standard","meta":{"site-sidebar-layout":"default","site-content-layout":"default","ast-global-header-display":"","ast-banner-title-visibility":"","ast-main-header-display":"","ast-hfb-above-header-display":"","ast-hfb-below-header-display":"","ast-hfb-mobile-header-display":"","site-post-title":"","ast-breadcrumbs-content":"","ast-featured-img":"","footer-sml-layout":"","theme-transparent-header-meta":"","adv-header-id-meta":"","stick-header-meta":"","header-above-stick-meta":"","header-main-stick-meta":"","header-below-stick-meta":""},"categories":[1],"tags":[],"acf":[],"_links":{"self":[{"href":"https:\/\/www.cnbb.org.br\/cnbb-app\/wp\/v2\/posts\/15110"}],"collection":[{"href":"https:\/\/www.cnbb.org.br\/cnbb-app\/wp\/v2\/posts"}],"about":[{"href":"https:\/\/www.cnbb.org.br\/cnbb-app\/wp\/v2\/types\/post"}],"author":[{"embeddable":true,"href":"https:\/\/www.cnbb.org.br\/cnbb-app\/wp\/v2\/users\/83"}],"replies":[{"embeddable":true,"href":"https:\/\/www.cnbb.org.br\/cnbb-app\/wp\/v2\/comments?post=15110"}],"version-history":[{"count":0,"href":"https:\/\/www.cnbb.org.br\/cnbb-app\/wp\/v2\/posts\/15110\/revisions"}],"wp:attachment":[{"href":"https:\/\/www.cnbb.org.br\/cnbb-app\/wp\/v2\/media?parent=15110"}],"wp:term":[{"taxonomy":"category","embeddable":true,"href":"https:\/\/www.cnbb.org.br\/cnbb-app\/wp\/v2\/categories?post=15110"},{"taxonomy":"post_tag","embeddable":true,"href":"https:\/\/www.cnbb.org.br\/cnbb-app\/wp\/v2\/tags?post=15110"}],"curies":[{"name":"wp","href":"https:\/\/api.w.org\/{rel}","templated":true}]}}