{"id":15142,"date":"2012-05-17T00:00:00","date_gmt":"2012-05-17T03:00:00","guid":{"rendered":"https:\/\/www.cnbb.org.br\/diocese-de-cachoeiro-do-itapemirim-promove-o-1o-forum-de-comunicacao\/"},"modified":"2012-05-17T00:00:00","modified_gmt":"2012-05-17T03:00:00","slug":"diocese-de-cachoeiro-do-itapemirim-promove-o-1o-forum-de-comunicacao","status":"publish","type":"post","link":"https:\/\/www.cnbb.org.br\/diocese-de-cachoeiro-do-itapemirim-promove-o-1o-forum-de-comunicacao\/","title":{"rendered":"Diocese de Cachoeiro do Itapemirim promove o 1\u00ba F\u00f3rum de Comunica\u00e7\u00e3o"},"content":{"rendered":"<p style=\"text-align: justify\">A cada ano, por ocasi\u00e3o da solenidade da Ascens\u00e3o do Senhor, comemora-se o Dia Mundial das Comunica\u00e7\u00f5es. Em 2012, essa ocasi\u00e3o ser\u00e1 o domingo 20 de maio. Para comemorar a data, a Equipe Diocesana da Pastoral da Comunica\u00e7\u00e3o (PASCOM), juntamente com o Departamento Diocesano de Comunica\u00e7\u00e3o da diocese de Cachoeiro de Itapemirim (ES), planejou para o dia 19 de maio, s\u00e1bado, v\u00e9spera do Dia Mundial das Comunica\u00e7\u00f5es, o 1\u00ba F\u00f3rum de Comunica\u00e7\u00e3o de Cachoeiro.<\/p>\n<p><!--more--><\/p>\n<p style=\"text-align: justify\">Al\u00e9m de comemorar o Dia Mundial das Comunica\u00e7\u00f5es, o evento tem como objetivo oferecer forma\u00e7\u00e3o te\u00f3rica e t\u00e9cnica a comunicadores das Comunidades Eclesiais de Base (CEB\u2019s), e oferecer um espa\u00e7o de reflex\u00e3o para profissionais comunicadores crist\u00e3os (jornalistas, radialistas, professores da \u00e1rea) e alunos dos cursos de Comunica\u00e7\u00e3o Social da regi\u00e3o.<\/p>\n<p style=\"text-align: justify\">O Evento ter\u00e1 a participa\u00e7\u00e3o do professor doutor em Comunica\u00e7\u00e3o, Carlos Alberto Di Franco, que tamb\u00e9m \u00e9 colunista do jornal \u201cO Estado de S\u00e3o Paulo\u201d, \u201cO Globo\u201d, \u201cEstado de Minas\u201d, \u201cA Gazeta\u201d, entre outros, que falar\u00e1 sobre o tema \u201cA comunica\u00e7\u00e3o na sociedade e na Igreja. A miss\u00e3o de comunicar a verdade e a f\u00e9\u201d. Tamb\u00e9m participar\u00e1 do evento a Jornalista Andr\u00e9ia Lopes, editora de Pol\u00edtica do jornal \u201cA Gazeta\u201d, que falar\u00e1 sobre o tema \u201cJornalismo e pol\u00edtica: a \u00e9tica a servi\u00e7o da verdade\u201d.<\/p>\n<p style=\"text-align: justify\">Alem das palestras, tamb\u00e9m ser\u00e3o ministradas oficinas de internet, r\u00e1dio, v\u00eddeo e impresso.<\/p>\n","protected":false},"excerpt":{"rendered":"<p>A cada ano, por ocasi\u00e3o da solenidade da Ascens\u00e3o do Senhor, comemora-se o Dia Mundial das Comunica\u00e7\u00f5es. Em 2012, essa ocasi\u00e3o ser\u00e1 o domingo 20 de maio. Para comemorar a data, a Equipe Diocesana da Pastoral da Comunica\u00e7\u00e3o (PASCOM), juntamente com o Departamento Diocesano de Comunica\u00e7\u00e3o da diocese de Cachoeiro de Itapemirim (ES), planejou para &hellip;<\/p>\n<p class=\"read-more\"> <a class=\"\" href=\"https:\/\/www.cnbb.org.br\/diocese-de-cachoeiro-do-itapemirim-promove-o-1o-forum-de-comunicacao\/\"> <span class=\"screen-reader-text\">Diocese de Cachoeiro do Itapemirim promove o 1\u00ba F\u00f3rum de Comunica\u00e7\u00e3o<\/span> Leia mais &raquo;<\/a><\/p>\n","protected":false},"author":83,"featured_media":15143,"comment_status":"open","ping_status":"open","sticky":false,"template":"","format":"standard","meta":{"site-sidebar-layout":"default","site-content-layout":"default","ast-global-header-display":"","ast-banner-title-visibility":"","ast-main-header-display":"","ast-hfb-above-header-display":"","ast-hfb-below-header-display":"","ast-hfb-mobile-header-display":"","site-post-title":"","ast-breadcrumbs-content":"","ast-featured-img":"","footer-sml-layout":"","theme-transparent-header-meta":"","adv-header-id-meta":"","stick-header-meta":"","header-above-stick-meta":"","header-main-stick-meta":"","header-below-stick-meta":""},"categories":[1],"tags":[],"acf":[],"_links":{"self":[{"href":"https:\/\/www.cnbb.org.br\/cnbb-app\/wp\/v2\/posts\/15142"}],"collection":[{"href":"https:\/\/www.cnbb.org.br\/cnbb-app\/wp\/v2\/posts"}],"about":[{"href":"https:\/\/www.cnbb.org.br\/cnbb-app\/wp\/v2\/types\/post"}],"author":[{"embeddable":true,"href":"https:\/\/www.cnbb.org.br\/cnbb-app\/wp\/v2\/users\/83"}],"replies":[{"embeddable":true,"href":"https:\/\/www.cnbb.org.br\/cnbb-app\/wp\/v2\/comments?post=15142"}],"version-history":[{"count":0,"href":"https:\/\/www.cnbb.org.br\/cnbb-app\/wp\/v2\/posts\/15142\/revisions"}],"wp:featuredmedia":[{"embeddable":true,"href":"https:\/\/www.cnbb.org.br\/cnbb-app\/wp\/v2\/media\/15143"}],"wp:attachment":[{"href":"https:\/\/www.cnbb.org.br\/cnbb-app\/wp\/v2\/media?parent=15142"}],"wp:term":[{"taxonomy":"category","embeddable":true,"href":"https:\/\/www.cnbb.org.br\/cnbb-app\/wp\/v2\/categories?post=15142"},{"taxonomy":"post_tag","embeddable":true,"href":"https:\/\/www.cnbb.org.br\/cnbb-app\/wp\/v2\/tags?post=15142"}],"curies":[{"name":"wp","href":"https:\/\/api.w.org\/{rel}","templated":true}]}}