{"id":15160,"date":"2012-05-29T00:00:00","date_gmt":"2012-05-29T03:00:00","guid":{"rendered":"https:\/\/www.cnbb.org.br\/emissoras-de-tv-de-inspiracao-catolica-tem-encontro-mediado-por-signis-brasil-nesta-quarta-feira\/"},"modified":"2012-05-29T00:00:00","modified_gmt":"2012-05-29T03:00:00","slug":"emissoras-de-tv-de-inspiracao-catolica-tem-encontro-mediado-por-signis-brasil-nesta-quarta-feira","status":"publish","type":"post","link":"https:\/\/www.cnbb.org.br\/emissoras-de-tv-de-inspiracao-catolica-tem-encontro-mediado-por-signis-brasil-nesta-quarta-feira\/","title":{"rendered":"Emissoras de TV de inspira\u00e7\u00e3o cat\u00f3lica tem encontro mediado por Signis Brasil nesta quarta-feira"},"content":{"rendered":"<div style=\"text-align: justify\">Animar, unir e congregar todos os meios de comunica\u00e7\u00e3o cat\u00f3licos e de inspira\u00e7\u00e3o crist\u00e3 do pa\u00eds e a forma\u00e7\u00e3o de comunicadores, para que vivenciem seu carisma em colabora\u00e7\u00e3o, em vista dos objetivos comuns, esta \u00e9 a miss\u00e3o de Signis Brasil. Nesta quarta-feira, em S\u00e3o Paulo, a entidade promove o segundo encontro com representantes das emissoras de televis\u00e3o de inspira\u00e7\u00e3o cat\u00f3lica.<\/div>\n<div style=\"text-align: justify\"><\/div>\n<p><!--more--><\/p>\n<div style=\"text-align: justify\">\nDe acordo com a presidente da entidade, Ir. Helena Corazza, o objetivo deste segundo encontro, \u00e9 fortalecer a uni\u00e3o das TVs cat\u00f3licas em sua miss\u00e3o evangelizadora, cada uma com seus projetos. \u201cMas as reuni\u00f5es sempre tratam de projetos conjuntos realizados ou a realizar, onde, pelas TVs se fortalece a visibilidade da Igreja\u201d.<\/p>\n<p>A pauta do encontro prev\u00ea a avalia\u00e7\u00e3o da cobertura da 50\u00aa Assembleia Geral dos Bispos do Brasil, que ocorreu em abril passado em Aparecida (SP), bem como a entrega dos Pr\u00eamios de Comunica\u00e7\u00e3o da CNBB. Tamb\u00e9m ser\u00e1 discutida a cobertura da Jornada Mundial da Juventude, al\u00e9m da proposta de um plano conjunto para as TVs.<\/p>\n<p>Para o Pe. C\u00e9sar Moreira, vice presidente de Signis Brasil e diretor geral da Rede Aparecida, este segundo encontro com os representantes das TVs cat\u00f3licas ser\u00e1 \u201cuma ocasi\u00e3o para avaliar assuntos vividos neste ano e planejar eventos para o segundo semestre\u201d.\u00a0 Tamb\u00e9m participam do encontro o presidente da Comiss\u00e3o Episcopal Pastoral para a Comunica\u00e7\u00e3o Social da CNBB, dom Dimas Lara Barbosa e a assessora da Comiss\u00e3o, Irma\u00e3 \u00c9lide Fogolari.<\/p><\/div>\n","protected":false},"excerpt":{"rendered":"<p>Animar, unir e congregar todos os meios de comunica\u00e7\u00e3o cat\u00f3licos e de inspira\u00e7\u00e3o crist\u00e3 do pa\u00eds e a forma\u00e7\u00e3o de comunicadores, para que vivenciem seu carisma em colabora\u00e7\u00e3o, em vista dos objetivos comuns, esta \u00e9 a miss\u00e3o de Signis Brasil. Nesta quarta-feira, em S\u00e3o Paulo, a entidade promove o segundo encontro com representantes das emissoras &hellip;<\/p>\n<p class=\"read-more\"> <a class=\"\" href=\"https:\/\/www.cnbb.org.br\/emissoras-de-tv-de-inspiracao-catolica-tem-encontro-mediado-por-signis-brasil-nesta-quarta-feira\/\"> <span class=\"screen-reader-text\">Emissoras de TV de inspira\u00e7\u00e3o cat\u00f3lica tem encontro mediado por Signis Brasil nesta quarta-feira<\/span> Leia mais &raquo;<\/a><\/p>\n","protected":false},"author":83,"featured_media":15161,"comment_status":"open","ping_status":"open","sticky":false,"template":"","format":"standard","meta":{"site-sidebar-layout":"default","site-content-layout":"default","ast-global-header-display":"","ast-banner-title-visibility":"","ast-main-header-display":"","ast-hfb-above-header-display":"","ast-hfb-below-header-display":"","ast-hfb-mobile-header-display":"","site-post-title":"","ast-breadcrumbs-content":"","ast-featured-img":"","footer-sml-layout":"","theme-transparent-header-meta":"","adv-header-id-meta":"","stick-header-meta":"","header-above-stick-meta":"","header-main-stick-meta":"","header-below-stick-meta":""},"categories":[1],"tags":[],"acf":[],"_links":{"self":[{"href":"https:\/\/www.cnbb.org.br\/cnbb-app\/wp\/v2\/posts\/15160"}],"collection":[{"href":"https:\/\/www.cnbb.org.br\/cnbb-app\/wp\/v2\/posts"}],"about":[{"href":"https:\/\/www.cnbb.org.br\/cnbb-app\/wp\/v2\/types\/post"}],"author":[{"embeddable":true,"href":"https:\/\/www.cnbb.org.br\/cnbb-app\/wp\/v2\/users\/83"}],"replies":[{"embeddable":true,"href":"https:\/\/www.cnbb.org.br\/cnbb-app\/wp\/v2\/comments?post=15160"}],"version-history":[{"count":0,"href":"https:\/\/www.cnbb.org.br\/cnbb-app\/wp\/v2\/posts\/15160\/revisions"}],"wp:featuredmedia":[{"embeddable":true,"href":"https:\/\/www.cnbb.org.br\/cnbb-app\/wp\/v2\/media\/15161"}],"wp:attachment":[{"href":"https:\/\/www.cnbb.org.br\/cnbb-app\/wp\/v2\/media?parent=15160"}],"wp:term":[{"taxonomy":"category","embeddable":true,"href":"https:\/\/www.cnbb.org.br\/cnbb-app\/wp\/v2\/categories?post=15160"},{"taxonomy":"post_tag","embeddable":true,"href":"https:\/\/www.cnbb.org.br\/cnbb-app\/wp\/v2\/tags?post=15160"}],"curies":[{"name":"wp","href":"https:\/\/api.w.org\/{rel}","templated":true}]}}