{"id":15253,"date":"2013-08-23T00:00:00","date_gmt":"2013-08-23T03:00:00","guid":{"rendered":"https:\/\/www.cnbb.org.br\/encontro-reune-bispos-e-coordenadores-regionais-de-comunicacao\/"},"modified":"2020-04-19T17:26:53","modified_gmt":"2020-04-19T20:26:53","slug":"encontro-reune-bispos-e-coordenadores-regionais-de-comunicacao","status":"publish","type":"post","link":"https:\/\/www.cnbb.org.br\/encontro-reune-bispos-e-coordenadores-regionais-de-comunicacao\/","title":{"rendered":"Encontro re\u00fane bispos e coordenadores regionais de comunica\u00e7\u00e3o"},"content":{"rendered":"<p style=\"text-align: justify\">\u201cPasCom e Novas M\u00eddias: di\u00e1logo e servi\u00e7o na Igreja do Brasil\u201d \u00e9 tema do Encontro dos bispos e coordenadores regionais de comunica\u00e7\u00e3o que tem in\u00edcio nesta sexta-feira, 23 de agosto e prossegue at\u00e9 domingo, 25, na Casa de Retiros Assun\u00e7\u00e3o, em Bras\u00edlia.&nbsp;O evento \u00e9 uma promo\u00e7\u00e3o da Comiss\u00e3o Episcopal Pastoral para a Comunica\u00e7\u00e3o da CNBB, com a presen\u00e7a do bispo referencial e arcebispo de Campo Grande (MS), dom Dimas Lara Barbosa. Os assessores da Comiss\u00e3o, Ir. \u00c9lide Fogolari e padre Cl\u00f3vis Andrade de Melo ministrar\u00e3o palestras aos participantes abordando os temas \u201cIgreja em rede e na Rede\u201d e \u201cApresenta\u00e7\u00e3o do cap\u00edtulo do Diret\u00f3rio sobre a Comunica\u00e7\u00e3o na Igreja do Brasil\u201d.<\/p>\n<p>  <!--more-->  <\/p>\n<p style=\"text-align: justify\">O encontro tamb\u00e9m recebe o doutorando e professor, Mois\u00e9s Sbardelotto (Unisinos) para confer\u00eancia de abertura sobre a \u201cCultura digital e evangeliza\u00e7\u00e3o\u201d. Ainda durante o evento, o pesquisador desenvolver\u00e1 uma \u201cMetodologia para elaborar um projeto de comunica\u00e7\u00e3o\u201d.&nbsp;Durante o encontro, grupos de trabalhos ser\u00e3o constitu\u00eddos para a revis\u00e3o e elabora\u00e7\u00e3o do Projeto Nacional da Comunica\u00e7\u00e3o com inclus\u00e3o da Rede de Inform\u00e1tica na Igreja do Brasil (RIIBRA). O 4\u00ba Encontro Nacional da PasCom previsto para o julho de 2014 tamb\u00e9m \u00e9 assunto em pauta.<\/p>\n","protected":false},"excerpt":{"rendered":"<p>\u201cPasCom e Novas M\u00eddias: di\u00e1logo e servi\u00e7o na Igreja do Brasil\u201d \u00e9 tema do Encontro dos bispos e coordenadores regionais de comunica\u00e7\u00e3o que tem in\u00edcio nesta sexta-feira, 23 de agosto e prossegue at\u00e9 domingo, 25, na Casa de Retiros Assun\u00e7\u00e3o, em Bras\u00edlia.&nbsp;O evento \u00e9 uma promo\u00e7\u00e3o da Comiss\u00e3o Episcopal Pastoral para a Comunica\u00e7\u00e3o da CNBB, &hellip;<\/p>\n<p class=\"read-more\"> <a class=\"\" href=\"https:\/\/www.cnbb.org.br\/encontro-reune-bispos-e-coordenadores-regionais-de-comunicacao\/\"> <span class=\"screen-reader-text\">Encontro re\u00fane bispos e coordenadores regionais de comunica\u00e7\u00e3o<\/span> Leia mais &raquo;<\/a><\/p>\n","protected":false},"author":83,"featured_media":15254,"comment_status":"open","ping_status":"open","sticky":false,"template":"","format":"standard","meta":{"site-sidebar-layout":"default","site-content-layout":"default","ast-global-header-display":"","ast-banner-title-visibility":"","ast-main-header-display":"","ast-hfb-above-header-display":"","ast-hfb-below-header-display":"","ast-hfb-mobile-header-display":"","site-post-title":"","ast-breadcrumbs-content":"","ast-featured-img":"","footer-sml-layout":"","theme-transparent-header-meta":"","adv-header-id-meta":"","stick-header-meta":"","header-above-stick-meta":"","header-main-stick-meta":"","header-below-stick-meta":""},"categories":[878,1],"tags":[],"acf":[],"_links":{"self":[{"href":"https:\/\/www.cnbb.org.br\/cnbb-app\/wp\/v2\/posts\/15253"}],"collection":[{"href":"https:\/\/www.cnbb.org.br\/cnbb-app\/wp\/v2\/posts"}],"about":[{"href":"https:\/\/www.cnbb.org.br\/cnbb-app\/wp\/v2\/types\/post"}],"author":[{"embeddable":true,"href":"https:\/\/www.cnbb.org.br\/cnbb-app\/wp\/v2\/users\/83"}],"replies":[{"embeddable":true,"href":"https:\/\/www.cnbb.org.br\/cnbb-app\/wp\/v2\/comments?post=15253"}],"version-history":[{"count":0,"href":"https:\/\/www.cnbb.org.br\/cnbb-app\/wp\/v2\/posts\/15253\/revisions"}],"wp:featuredmedia":[{"embeddable":true,"href":"https:\/\/www.cnbb.org.br\/cnbb-app\/wp\/v2\/media\/15254"}],"wp:attachment":[{"href":"https:\/\/www.cnbb.org.br\/cnbb-app\/wp\/v2\/media?parent=15253"}],"wp:term":[{"taxonomy":"category","embeddable":true,"href":"https:\/\/www.cnbb.org.br\/cnbb-app\/wp\/v2\/categories?post=15253"},{"taxonomy":"post_tag","embeddable":true,"href":"https:\/\/www.cnbb.org.br\/cnbb-app\/wp\/v2\/tags?post=15253"}],"curies":[{"name":"wp","href":"https:\/\/api.w.org\/{rel}","templated":true}]}}