{"id":15331,"date":"2014-12-10T00:00:00","date_gmt":"2014-12-10T02:00:00","guid":{"rendered":"https:\/\/www.cnbb.org.br\/inscricoes-abertas-para-o-9-mutirao-de-comunicacao-em-vitoria-es\/"},"modified":"2014-12-10T00:00:00","modified_gmt":"2014-12-10T02:00:00","slug":"inscricoes-abertas-para-o-9-mutirao-de-comunicacao-em-vitoria-es","status":"publish","type":"post","link":"https:\/\/www.cnbb.org.br\/inscricoes-abertas-para-o-9-mutirao-de-comunicacao-em-vitoria-es\/","title":{"rendered":"Inscri\u00e7\u00f5es abertas para o 9\u00ba Mutir\u00e3o de Comunica\u00e7\u00e3o, em Vit\u00f3ria (ES)"},"content":{"rendered":"<p style=\"text-align: justify\" align=\"center\"><span style=\"line-height: 1.3em\">Com o tema \u201c\u00c9tica nas comunica\u00e7\u00f5es\u201d, o 9\u00ba Mutir\u00e3o Brasileiro de Comunica\u00e7\u00e3o, o Muticom, acontecer\u00e1 na cidade de Vit\u00f3ria (ES), de 15 a 19 de julho de 2015. As inscri\u00e7\u00f5es j\u00e1 est\u00e3o abertas.<\/span><\/p>\n<p>  <!--more-->  <\/p>\n<p style=\"text-align: justify\" align=\"center\"><span style=\"line-height: 1.3em\">O encontro levar\u00e1 a Vit\u00f3ria profissionais como o jornalista e rep\u00f3rter especial do Fant\u00e1stico, Marcelo Canellas, que ir\u00e1 tratar do tema \u201cA espetaculariza\u00e7\u00e3o da not\u00edcia\u201d, e o jornalista Elson Faxina, professor da Universidade Federal do Paran\u00e1 (UFPR).<\/span><\/p>\n<p style=\"text-align: justify\">A nona edi\u00e7\u00e3o do Muticom contar\u00e1 ainda com a presen\u00e7a do padre Jo\u00e3ozinho, professor e diretor da Faculdade Dehoniana, conhecido por seus livros e cd\u2019s sobre teologia e espiritualidade; e do padre Gild\u00e1sio Mendes, professor e autor de livros sobre comunica\u00e7\u00e3o, m\u00eddias digitais, educa\u00e7\u00e3o e espiritualidade. Tamb\u00e9m participam do encontro profissionais de comunica\u00e7\u00e3o capixabas.<\/p>\n<p style=\"text-align: justify\">As inscri\u00e7\u00f5es est\u00e3o dispon\u00edveis no site <strong><a href=\"https:\/\/muticom.com.br\/\" target=\"_blank\" rel=\"noopener noreferrer\">muticom.com.br<\/a>\u00a0<\/strong>. Nele, participantes t\u00eam acesso a todas as informa\u00e7\u00f5es sobre o encontro; a programa\u00e7\u00e3o completa; demais convidados; sugest\u00f5es para locais de hospedagem; al\u00e9m de informa\u00e7\u00f5es sobre o estado que recebe o encontro. As informa\u00e7\u00f5es tamb\u00e9m est\u00e3o dispon\u00edveis na fanpage do evento: <strong><a href=\"http:\/\/facebook.com\/muticomvitoria\" target=\"_blank\" rel=\"noopener noreferrer\">facebook.com\/muticomvitoria<\/a><\/strong><\/p>\n<p style=\"text-align: justify\">O Mutir\u00e3o \u00e9 um projeto da Comiss\u00e3o Episcopal Pastoral para a Comunica\u00e7\u00e3o da Confer\u00eancia Nacional dos Bispos do Brasil (CNBB), com o objetivo de partilhar experi\u00eancias, conhecimentos e ideias no campo da comunica\u00e7\u00e3o. O 9\u00ba Muticom acontece a cada dois anos e nesta edi\u00e7\u00e3o tem a realiza\u00e7\u00e3o da Prov\u00edncia Eclesi\u00e1stica do Esp\u00edrito Santo.<\/p>\n<p><span style=\"font-size: xx-small\"><strong><em>\u00a0<\/em><\/strong><\/span><\/p>\n","protected":false},"excerpt":{"rendered":"<p>Com o tema \u201c\u00c9tica nas comunica\u00e7\u00f5es\u201d, o 9\u00ba Mutir\u00e3o Brasileiro de Comunica\u00e7\u00e3o, o Muticom, acontecer\u00e1 na cidade de Vit\u00f3ria (ES), de 15 a 19 de julho de 2015. As inscri\u00e7\u00f5es j\u00e1 est\u00e3o abertas.<\/p>\n","protected":false},"author":83,"featured_media":15332,"comment_status":"open","ping_status":"open","sticky":false,"template":"","format":"standard","meta":{"site-sidebar-layout":"default","site-content-layout":"default","ast-global-header-display":"","ast-banner-title-visibility":"","ast-main-header-display":"","ast-hfb-above-header-display":"","ast-hfb-below-header-display":"","ast-hfb-mobile-header-display":"","site-post-title":"","ast-breadcrumbs-content":"","ast-featured-img":"","footer-sml-layout":"","theme-transparent-header-meta":"","adv-header-id-meta":"","stick-header-meta":"","header-above-stick-meta":"","header-main-stick-meta":"","header-below-stick-meta":""},"categories":[1],"tags":[],"acf":[],"_links":{"self":[{"href":"https:\/\/www.cnbb.org.br\/cnbb-app\/wp\/v2\/posts\/15331"}],"collection":[{"href":"https:\/\/www.cnbb.org.br\/cnbb-app\/wp\/v2\/posts"}],"about":[{"href":"https:\/\/www.cnbb.org.br\/cnbb-app\/wp\/v2\/types\/post"}],"author":[{"embeddable":true,"href":"https:\/\/www.cnbb.org.br\/cnbb-app\/wp\/v2\/users\/83"}],"replies":[{"embeddable":true,"href":"https:\/\/www.cnbb.org.br\/cnbb-app\/wp\/v2\/comments?post=15331"}],"version-history":[{"count":0,"href":"https:\/\/www.cnbb.org.br\/cnbb-app\/wp\/v2\/posts\/15331\/revisions"}],"wp:featuredmedia":[{"embeddable":true,"href":"https:\/\/www.cnbb.org.br\/cnbb-app\/wp\/v2\/media\/15332"}],"wp:attachment":[{"href":"https:\/\/www.cnbb.org.br\/cnbb-app\/wp\/v2\/media?parent=15331"}],"wp:term":[{"taxonomy":"category","embeddable":true,"href":"https:\/\/www.cnbb.org.br\/cnbb-app\/wp\/v2\/categories?post=15331"},{"taxonomy":"post_tag","embeddable":true,"href":"https:\/\/www.cnbb.org.br\/cnbb-app\/wp\/v2\/tags?post=15331"}],"curies":[{"name":"wp","href":"https:\/\/api.w.org\/{rel}","templated":true}]}}