{"id":15392,"date":"2016-04-25T00:00:00","date_gmt":"2016-04-25T03:00:00","guid":{"rendered":"https:\/\/www.cnbb.org.br\/etica-na-era-digital-e-tema-do-iii-forum-nacional-de-comunicacao-e-marketing\/"},"modified":"2020-03-11T20:29:40","modified_gmt":"2020-03-11T23:29:40","slug":"etica-na-era-digital-e-tema-do-iii-forum-nacional-de-comunicacao-e-marketing","status":"publish","type":"post","link":"https:\/\/www.cnbb.org.br\/etica-na-era-digital-e-tema-do-iii-forum-nacional-de-comunicacao-e-marketing\/","title":{"rendered":"\u00c9tica na Era Digital \u00e9 tema do III F\u00f3rum Nacional de Comunica\u00e7\u00e3o e Marketing"},"content":{"rendered":"<p>Programa\u00e7\u00e3o contar\u00e1 com palestras e workshops<\/p>\n<p><!--more--><\/p>\n<p style=\"text-align: justify\">A Associa\u00e7\u00e3o Nacional de Educa\u00e7\u00e3o Cat\u00f3lica do Brasil (Anec) realizar\u00e1, de 11 a 13 de maio, o III F\u00f3rum Nacional de Comunica\u00e7\u00e3o e Marketing, no Col\u00e9gio Damas, em Recife (PE). \u00a0O evento tem por finalidade promover a troca de experi\u00eancias entre os profissionais da \u00e1rea de comunica\u00e7\u00e3o e marketing das institui\u00e7\u00f5es cat\u00f3licas.<\/p>\n<p style=\"text-align: justify\">Com o tema \u201c\u00c9tica na Era Digital\u201d, esta edi\u00e7\u00e3o contar\u00e1 com palestras e workshops. \u00a0Os cursos ser\u00e3o voltados para elabora\u00e7\u00e3o de cerimonial, planejamento do marketing digital, dicas para sobreviver nas Redes Sociais e <em>design thinking.<\/em><\/p>\n<p style=\"text-align: justify\">O tema principal ser\u00e1 ministrado pela coordenadora do MBA em Marketing da HSM Educa\u00e7\u00e3o, Martha Gabriel. As duas outras palestras ir\u00e3o tratar sobre \u201cDireito Digital\u201d, e ser\u00e3o ministradas pelo assessor jur\u00eddico da Associa\u00e7\u00e3o das Religiosas da Institui\u00e7\u00e3o Crist\u00e3, Helder Nascimento, e pela publicit\u00e1ria e jornalista, Izabela Domingues.<\/p>\n<p style=\"text-align: justify\">O F\u00f3rum \u00e9 voltado para profissionais de comunica\u00e7\u00e3o e os interessados em participar da terceira edi\u00e7\u00e3o do evento devem acessar o <a href=\"http:\/\/anec.org.br\/comunicacaoemarketing\/\" target=\"_blank\" rel=\"noopener\">site da ANEC<\/a>\u00a0at\u00e9 o dia 6 de maio. As vagas s\u00e3o limitadas.<\/p>\n<h4 style=\"text-align: justify\">Com informa\u00e7\u00f5es e foto da ANEC<\/h4>\n<p>&nbsp;<\/p>\n<p>&nbsp;<\/p>\n<p>&nbsp;<\/p>\n","protected":false},"excerpt":{"rendered":"<p>Programa\u00e7\u00e3o contar\u00e1 com palestras e workshops<\/p>\n","protected":false},"author":83,"featured_media":15393,"comment_status":"open","ping_status":"open","sticky":false,"template":"","format":"standard","meta":{"site-sidebar-layout":"default","site-content-layout":"default","ast-global-header-display":"","ast-banner-title-visibility":"","ast-main-header-display":"","ast-hfb-above-header-display":"","ast-hfb-below-header-display":"","ast-hfb-mobile-header-display":"","site-post-title":"","ast-breadcrumbs-content":"","ast-featured-img":"","footer-sml-layout":"","theme-transparent-header-meta":"","adv-header-id-meta":"","stick-header-meta":"","header-above-stick-meta":"","header-main-stick-meta":"","header-below-stick-meta":""},"categories":[748,878],"tags":[],"acf":[],"_links":{"self":[{"href":"https:\/\/www.cnbb.org.br\/cnbb-app\/wp\/v2\/posts\/15392"}],"collection":[{"href":"https:\/\/www.cnbb.org.br\/cnbb-app\/wp\/v2\/posts"}],"about":[{"href":"https:\/\/www.cnbb.org.br\/cnbb-app\/wp\/v2\/types\/post"}],"author":[{"embeddable":true,"href":"https:\/\/www.cnbb.org.br\/cnbb-app\/wp\/v2\/users\/83"}],"replies":[{"embeddable":true,"href":"https:\/\/www.cnbb.org.br\/cnbb-app\/wp\/v2\/comments?post=15392"}],"version-history":[{"count":0,"href":"https:\/\/www.cnbb.org.br\/cnbb-app\/wp\/v2\/posts\/15392\/revisions"}],"wp:featuredmedia":[{"embeddable":true,"href":"https:\/\/www.cnbb.org.br\/cnbb-app\/wp\/v2\/media\/15393"}],"wp:attachment":[{"href":"https:\/\/www.cnbb.org.br\/cnbb-app\/wp\/v2\/media?parent=15392"}],"wp:term":[{"taxonomy":"category","embeddable":true,"href":"https:\/\/www.cnbb.org.br\/cnbb-app\/wp\/v2\/categories?post=15392"},{"taxonomy":"post_tag","embeddable":true,"href":"https:\/\/www.cnbb.org.br\/cnbb-app\/wp\/v2\/tags?post=15392"}],"curies":[{"name":"wp","href":"https:\/\/api.w.org\/{rel}","templated":true}]}}