{"id":15400,"date":"2016-05-09T00:00:00","date_gmt":"2016-05-09T03:00:00","guid":{"rendered":"https:\/\/www.cnbb.org.br\/diocese-de-picos-celebra-50-dia-mundial-das-comunicacoes\/"},"modified":"2020-03-11T20:29:39","modified_gmt":"2020-03-11T23:29:39","slug":"diocese-de-picos-celebra-50-dia-mundial-das-comunicacoes","status":"publish","type":"post","link":"https:\/\/www.cnbb.org.br\/diocese-de-picos-celebra-50-dia-mundial-das-comunicacoes\/","title":{"rendered":"Diocese de Picos celebra 50\u00ba Dia Mundial das Comunica\u00e7\u00f5es"},"content":{"rendered":"<p style=\"font-size: 12.16px;line-height: 15.808px\">Dom Pl\u00ednio Jos\u00e9 Luz da Silva abordou a mensagem do papa para a ocasi\u00e3o<\/p>\n<p><!--more--><\/p>\n<p style=\"text-align: justify\">Membros da Pascom, profissionais da imprensa e estudantes de comunica\u00e7\u00e3o reuniram-se no s\u00e1bado, 7 de maio, para comemorar o 50\u00ba Dia Mundial das Comunica\u00e7\u00f5es Sociais, na diocese de Picos (PI). A programa\u00e7\u00e3o aconteceu no Centro de Treinamento Diocesano (CTD), das 8h \u00e0s 12h.<\/p>\n<p style=\"text-align: justify\">O bispo de Picos e referencial da Comunica\u00e7\u00e3o no regional Nordeste IV, dom Pl\u00ednio Jos\u00e9 Luz da Silva,\u00a0apresentou\u00a0relato hist\u00f3rico sobre o surgimento do Dia Mundial das Comunica\u00e7\u00f5es Sociais, com \u00eanfase na\u00a0mensagem do papa Francisco para o 50\u00ba Dia Mundial das Comunica\u00e7\u00f5es, que tem como tema &#8220;Comunica\u00e7\u00e3o e Miseric\u00f3rdia: um encontro fecundo&#8221;.<\/p>\n<p style=\"text-align: justify\">\u201cA Miseric\u00f3rdia \u00e9 um ato que vem de Deus, \u00e9 sempre deixar a pessoa atualizada no seu bem-estar, na sua dignidade, na sua for\u00e7a total de pessoa humana. Na mensagem, o papa quer que a palavra, a comunica\u00e7\u00e3o feita em palavras ou em gestos seja esse \u00e2nimo semelhante \u00e0 miseric\u00f3rdia, n\u00e3o ir ao encontro do outro para aniquil\u00e1-lo cada vez mais, mas d\u00e1 \u00e2nimo aquele que est\u00e1 necessitando\u201d, afirmou o bispo.<\/p>\n<p style=\"text-align: justify\">Os participantes tamb\u00e9m acompanharam o testemunho de experi\u00eancias de comunica\u00e7\u00e3o relatadas pelos jornalistas Erivan Lima, Ruthy Costa e Sheila Fontenele, com media\u00e7\u00e3o do jornalista Ra\u00ed J\u00fanior. Al\u00e9m da iteratividade entre os profissionais e participantes, durante as discuss\u00f5es foi sugerido a realiza\u00e7\u00e3o de um F\u00f3rum de Comunica\u00e7\u00e3o, na cidade de Picos.<\/p>\n<h4 style=\"text-align: justify\">Avalia\u00e7\u00e3o<\/h4>\n<p style=\"text-align: justify\">\n<p style=\"text-align: justify\">\u201cHoje foi uma manh\u00e3 muito produtiva. Desde o primeiro momento\u00a0surgiram\u00a0v\u00e1rias discuss\u00f5es. Dom Pl\u00ednio fez uma palestra muito enriquecedora, abordando o surgimento do\u00a0Dia das\u00a0Comunica\u00e7\u00f5es e sua import\u00e2ncia n\u00e3o s\u00f3 para a classe dos jornalistas, mas para toda a comunidade, porque a comunica\u00e7\u00e3o em si \u00e9 algo que est\u00e1 inerente a todo ser humano\u201d,\u00a0avaliou\u00a0a jornalista Paula Monize.<\/p>\n<p style=\"text-align: justify\">Para o padre Marcos Roberto Vieira, referencial da Comunica\u00e7\u00e3o na diocese, o encontro foi marcante. \u201cQuem veio para o encontro veio n\u00e3o s\u00f3 para comemorar, mas tamb\u00e9m com o desejo de aprender. Aqui destacamos a participa\u00e7\u00e3o de tantas pessoas que fazem parte deste processo de evangeliza\u00e7\u00e3o por meio dos meios de comunica\u00e7\u00e3o. Espero que a partir desse momento essa alegria e vontade de comunicar cheguem a todas as par\u00f3quias de nossa diocese de modo que ningu\u00e9m se sinta exclu\u00eddo ou se exclua no processo de comunica\u00e7\u00e3o\u201d, concluiu.<\/p>\n<p style=\"font-size: 12.16px;line-height: 15.808px;text-align: justify\">O Dia Mundial das Comunica\u00e7\u00f5es foi\u00a0comemorado pela Igreja Cat\u00f3lica e em todo o mundo em 8 de maio, Dia da Ascens\u00e3o do Senhor.<\/p>\n<p style=\"text-align: justify\">\n<p style=\"font-size: 12.16px;line-height: 15.808px;text-align: justify\">Na diocese de Picos, a celebra\u00e7\u00e3o da data \u00e9 comemorada desde a chegada de dom Pl\u00ednio, que acredita no valor da comunica\u00e7\u00e3o como instrumento forte para a evangeliza\u00e7\u00e3o e transforma\u00e7\u00e3o social.<\/p>\n<h4 style=\"text-align: justify\">Com informa\u00e7\u00f5es e foto da Pascom de Picos<\/h4>\n","protected":false},"excerpt":{"rendered":"<p>Dom Pl\u00ednio Jos\u00e9 Luz da Silva abordou a mensagem do papa para a ocasi\u00e3o<\/p>\n","protected":false},"author":83,"featured_media":15401,"comment_status":"open","ping_status":"open","sticky":false,"template":"","format":"standard","meta":{"site-sidebar-layout":"default","site-content-layout":"default","ast-global-header-display":"","ast-banner-title-visibility":"","ast-main-header-display":"","ast-hfb-above-header-display":"","ast-hfb-below-header-display":"","ast-hfb-mobile-header-display":"","site-post-title":"","ast-breadcrumbs-content":"","ast-featured-img":"","footer-sml-layout":"","theme-transparent-header-meta":"","adv-header-id-meta":"","stick-header-meta":"","header-above-stick-meta":"","header-main-stick-meta":"","header-below-stick-meta":""},"categories":[748,878],"tags":[],"acf":[],"_links":{"self":[{"href":"https:\/\/www.cnbb.org.br\/cnbb-app\/wp\/v2\/posts\/15400"}],"collection":[{"href":"https:\/\/www.cnbb.org.br\/cnbb-app\/wp\/v2\/posts"}],"about":[{"href":"https:\/\/www.cnbb.org.br\/cnbb-app\/wp\/v2\/types\/post"}],"author":[{"embeddable":true,"href":"https:\/\/www.cnbb.org.br\/cnbb-app\/wp\/v2\/users\/83"}],"replies":[{"embeddable":true,"href":"https:\/\/www.cnbb.org.br\/cnbb-app\/wp\/v2\/comments?post=15400"}],"version-history":[{"count":0,"href":"https:\/\/www.cnbb.org.br\/cnbb-app\/wp\/v2\/posts\/15400\/revisions"}],"wp:featuredmedia":[{"embeddable":true,"href":"https:\/\/www.cnbb.org.br\/cnbb-app\/wp\/v2\/media\/15401"}],"wp:attachment":[{"href":"https:\/\/www.cnbb.org.br\/cnbb-app\/wp\/v2\/media?parent=15400"}],"wp:term":[{"taxonomy":"category","embeddable":true,"href":"https:\/\/www.cnbb.org.br\/cnbb-app\/wp\/v2\/categories?post=15400"},{"taxonomy":"post_tag","embeddable":true,"href":"https:\/\/www.cnbb.org.br\/cnbb-app\/wp\/v2\/tags?post=15400"}],"curies":[{"name":"wp","href":"https:\/\/api.w.org\/{rel}","templated":true}]}}