{"id":15402,"date":"2016-05-09T00:00:00","date_gmt":"2016-05-09T03:00:00","guid":{"rendered":"https:\/\/www.cnbb.org.br\/santuario-nacional-acolhe-1-romaria-dos-comunicadores\/"},"modified":"2020-03-11T20:29:40","modified_gmt":"2020-03-11T23:29:40","slug":"santuario-nacional-acolhe-1-romaria-dos-comunicadores","status":"publish","type":"post","link":"https:\/\/www.cnbb.org.br\/santuario-nacional-acolhe-1-romaria-dos-comunicadores\/","title":{"rendered":"Santu\u00e1rio Nacional acolhe 1\u00aa Romaria dos Comunicadores"},"content":{"rendered":"<p style=\"text-align: justify\">Missa\u00a0foi presidida por\u00a0<span style=\"font-size: 12.16px;line-height: 15.808px\">dom Darci Jos\u00e9 Nicioli<\/span><\/p>\n<p><!--more--><\/p>\n<p style=\"font-size: 12.16px;line-height: 15.808px\">\n<p style=\"text-align: justify\">\u201cQuem promove uma comunica\u00e7\u00e3o aut\u00eantica necessariamente estar\u00e1 comprometido com solu\u00e7\u00f5es de conflitos com a paz duradoura\u201d, disse o arcebispo eleito de Diamantina (MG) e presidente da Comiss\u00e3o Episcopal Pastoral para a Comunica\u00e7\u00e3o da CNBB, dom Darci Jos\u00e9 Nicioli, durante a 1\u00aa Romaria dos Comunicadores.<\/p>\n<p style=\"text-align: justify\">O evento reuniu dezenas de profissionais no Santu\u00e1rio Nacional de Aparecida, na segunda-feira, 9 de maio. A celebra\u00e7\u00e3o recordou o Dia Mundial das Comunica\u00e7\u00f5es, que esse ano traz como tema \u201cComunica\u00e7\u00e3o e Miseric\u00f3rdia, um encontro fecundo\u201d.<\/p>\n<p style=\"text-align: justify\">A mensagem do papa Francisco est\u00e1 em sintonia com o Jubileu Extraordin\u00e1rio da Miseric\u00f3rdia e apresenta a comunica\u00e7\u00e3o como um instrumento da miseric\u00f3rdia para constru\u00e7\u00e3o da paz e harmonia.\u00a0\u201cS\u00f3 palavras pronunciadas com amor e acompanhadas por mansid\u00e3o e miseric\u00f3rdia tocam os nossos cora\u00e7\u00f5es de pecadores. Palavras e gestos duros ou moralistas correm o risco de alienar ainda mais aqueles que quer\u00edamos levar \u00e0 convers\u00e3o e \u00e0 liberdade, refor\u00e7ando o seu sentido de nega\u00e7\u00e3o e defesa\u201d, escreveu Franciscona na mensagem.<\/p>\n<p style=\"text-align: justify\">Ao recordar as palavras de Francisco, dom Darci ressaltou a miss\u00e3o do comunicador e chamou aten\u00e7\u00e3o para o uso das redes sociais. \u201cAqueles que t\u00eam a fun\u00e7\u00e3o de formadores de opini\u00e3o, muito particularmente n\u00f3s comunicadores crist\u00e3os, precisamos estar atentos. As redes sociais podem acariciar ou ferir, promover o encontro ou o caos, realizar uma discuss\u00e3o proveitosa ou o linchamento moral de algu\u00e9m. Depende da op\u00e7\u00e3o que fazemos no cora\u00e7\u00e3o. Sejamos comunicadores com miseric\u00f3rdia\u201d, sublinhou.<\/p>\n<p style=\"text-align: justify\">\n<p>&nbsp;<\/p>\n<p>&nbsp;<\/p>\n<p>Na foto, agentes da Pastoral da Comunica\u00e7\u00e3o da diocese de S\u00e3o Jos\u00e9 dos Campos (SP).<\/p>\n<p style=\"text-align: justify\">CNBB com informa\u00e7\u00f5es do Portal A12<\/p>\n<p>&nbsp;<\/p>\n<p>&nbsp;<\/p>\n","protected":false},"excerpt":{"rendered":"<p>Missa\u00a0foi presidida por\u00a0dom Darci Jos\u00e9 Nicioli<\/p>\n","protected":false},"author":83,"featured_media":6830,"comment_status":"open","ping_status":"open","sticky":false,"template":"","format":"standard","meta":{"site-sidebar-layout":"default","site-content-layout":"default","ast-global-header-display":"","ast-banner-title-visibility":"","ast-main-header-display":"","ast-hfb-above-header-display":"","ast-hfb-below-header-display":"","ast-hfb-mobile-header-display":"","site-post-title":"","ast-breadcrumbs-content":"","ast-featured-img":"","footer-sml-layout":"","theme-transparent-header-meta":"","adv-header-id-meta":"","stick-header-meta":"","header-above-stick-meta":"","header-main-stick-meta":"","header-below-stick-meta":""},"categories":[748,878],"tags":[],"acf":[],"_links":{"self":[{"href":"https:\/\/www.cnbb.org.br\/cnbb-app\/wp\/v2\/posts\/15402"}],"collection":[{"href":"https:\/\/www.cnbb.org.br\/cnbb-app\/wp\/v2\/posts"}],"about":[{"href":"https:\/\/www.cnbb.org.br\/cnbb-app\/wp\/v2\/types\/post"}],"author":[{"embeddable":true,"href":"https:\/\/www.cnbb.org.br\/cnbb-app\/wp\/v2\/users\/83"}],"replies":[{"embeddable":true,"href":"https:\/\/www.cnbb.org.br\/cnbb-app\/wp\/v2\/comments?post=15402"}],"version-history":[{"count":0,"href":"https:\/\/www.cnbb.org.br\/cnbb-app\/wp\/v2\/posts\/15402\/revisions"}],"wp:featuredmedia":[{"embeddable":true,"href":"https:\/\/www.cnbb.org.br\/cnbb-app\/wp\/v2\/media\/6830"}],"wp:attachment":[{"href":"https:\/\/www.cnbb.org.br\/cnbb-app\/wp\/v2\/media?parent=15402"}],"wp:term":[{"taxonomy":"category","embeddable":true,"href":"https:\/\/www.cnbb.org.br\/cnbb-app\/wp\/v2\/categories?post=15402"},{"taxonomy":"post_tag","embeddable":true,"href":"https:\/\/www.cnbb.org.br\/cnbb-app\/wp\/v2\/tags?post=15402"}],"curies":[{"name":"wp","href":"https:\/\/api.w.org\/{rel}","templated":true}]}}