{"id":15424,"date":"2016-07-20T00:00:00","date_gmt":"2016-07-20T03:00:00","guid":{"rendered":"https:\/\/www.cnbb.org.br\/vocacionados-do-pai-missionarios-da-misericordia-e-o-tema-da-formacao-missionaria-realizada-por-seminaristas-do-nordeste\/"},"modified":"2016-07-20T00:00:00","modified_gmt":"2016-07-20T03:00:00","slug":"vocacionados-do-pai-missionarios-da-misericordia-e-o-tema-da-formacao-missionaria-realizada-por-seminaristas-do-nordeste","status":"publish","type":"post","link":"https:\/\/www.cnbb.org.br\/vocacionados-do-pai-missionarios-da-misericordia-e-o-tema-da-formacao-missionaria-realizada-por-seminaristas-do-nordeste\/","title":{"rendered":"\u201cVocacionados do Pai\u201d \u00e9 o tema de Forma\u00e7\u00e3o Mission\u00e1ria para Seminaristas do Nordeste"},"content":{"rendered":"<p style=\"text-align: justify\">Esta \u00e9 a oitava edi\u00e7\u00e3o do encontro que terminar\u00e1 amanh\u00e3, 22<\/p>\n<p><!--more--><\/p>\n<p style=\"text-align: justify\">Cerca de 160 seminaristas, representantes dos nove estados do Nordeste, participam, desde o dia 18, do 8\u00ba Encontro de Forma\u00e7\u00e3o Mission\u00e1ria para Seminaristas (Fomise). O evento, que ocorre na diocese de Crato (CE) at\u00e9 amanh\u00e3, 22, aborda o tema &#8220;Vocacionados do Pai: mission\u00e1rios da miseric\u00f3rdia&#8221;.<\/p>\n<p style=\"text-align: justify\">Constam da programa\u00e7\u00e3o confer\u00eancias, partilha em grupo, celebra\u00e7\u00f5es e Romaria\u00a0para Juazeiro do Norte. \u201cOs seminaristas chegaram com muito entusiasmo. A\u00a0acolhida foi muito fraterna e animada. As expectativas s\u00e3o de muita alegria e esperan\u00e7a de experimentar aqui o gosto de sermos mission\u00e1rios da miseric\u00f3rdia\u201d, diz Gilberto J\u00fanior, coordenador do Conselho Mission\u00e1rio de Seminaristas (Comise) do Cear\u00e1.<\/p>\n<p style=\"text-align: justify\">A missa de abertura, celebrada na noite de segunda-feira,foi presidida pelo reitor do Semin\u00e1rio S\u00e3o Jos\u00e9 do Crato, padre Ant\u00f4nio Edson Oliveira Bantim, que\u00a0recebeu\u00a0os seminaristas em nome do bispo local, dom Fernando Panico. O padre destacou \u201co elo entre a justi\u00e7a e miseric\u00f3rdia\u201d em alus\u00e3o ao tema da forma\u00e7\u00e3o.<\/p>\n<p style=\"text-align: justify\">Na ter\u00e7a-feira, 19, padre Ant\u00f4nio Edson Oliveira Bantim apresentou o tema \u201cVocacionados do Pai\u201d. O conferencista sublinhou a voca\u00e7\u00e3o mission\u00e1ria da Igreja citando o Decreto\u00a0<em>Ad Gentes<\/em>. Padre Edson, que tamb\u00e9m \u00e9 presidente regional da Organiza\u00e7\u00e3o dos Semin\u00e1rios e Institutos do Brasil (Osib), destacou que o chamado pressup\u00f5e a escuta e que a voca\u00e7\u00e3o deve ser orientada para a miss\u00e3o.<\/p>\n<p style=\"text-align: justify\">\u201cCertamente este encontro j\u00e1 \u00e9 um evento hist\u00f3rico, deixando todos ansiosos pelas atividades e forma\u00e7\u00f5es dos dias que se seguem\u201d, avalia o assessor de comunica\u00e7\u00e3o do Comise no Cear\u00e1, Bruno de Ara\u00fajo, da diocese de Sobral (CE).<\/p>\n<h4 style=\"text-align: justify\">Com informa\u00e7\u00f5es e foto do Comise do Cear\u00e1<\/h4>\n<p style=\"font-size: 12.16px;line-height: 15.808px\">\n<p>&nbsp;<\/p>\n","protected":false},"excerpt":{"rendered":"<p>Esta \u00e9 a oitava edi\u00e7\u00e3o do encontro que terminar\u00e1 amanh\u00e3, 22<\/p>\n","protected":false},"author":83,"featured_media":15425,"comment_status":"open","ping_status":"open","sticky":false,"template":"","format":"standard","meta":{"site-sidebar-layout":"default","site-content-layout":"default","ast-global-header-display":"","ast-banner-title-visibility":"","ast-main-header-display":"","ast-hfb-above-header-display":"","ast-hfb-below-header-display":"","ast-hfb-mobile-header-display":"","site-post-title":"","ast-breadcrumbs-content":"","ast-featured-img":"","footer-sml-layout":"","theme-transparent-header-meta":"","adv-header-id-meta":"","stick-header-meta":"","header-above-stick-meta":"","header-main-stick-meta":"","header-below-stick-meta":""},"categories":[748,878],"tags":[],"acf":[],"_links":{"self":[{"href":"https:\/\/www.cnbb.org.br\/cnbb-app\/wp\/v2\/posts\/15424"}],"collection":[{"href":"https:\/\/www.cnbb.org.br\/cnbb-app\/wp\/v2\/posts"}],"about":[{"href":"https:\/\/www.cnbb.org.br\/cnbb-app\/wp\/v2\/types\/post"}],"author":[{"embeddable":true,"href":"https:\/\/www.cnbb.org.br\/cnbb-app\/wp\/v2\/users\/83"}],"replies":[{"embeddable":true,"href":"https:\/\/www.cnbb.org.br\/cnbb-app\/wp\/v2\/comments?post=15424"}],"version-history":[{"count":0,"href":"https:\/\/www.cnbb.org.br\/cnbb-app\/wp\/v2\/posts\/15424\/revisions"}],"wp:featuredmedia":[{"embeddable":true,"href":"https:\/\/www.cnbb.org.br\/cnbb-app\/wp\/v2\/media\/15425"}],"wp:attachment":[{"href":"https:\/\/www.cnbb.org.br\/cnbb-app\/wp\/v2\/media?parent=15424"}],"wp:term":[{"taxonomy":"category","embeddable":true,"href":"https:\/\/www.cnbb.org.br\/cnbb-app\/wp\/v2\/categories?post=15424"},{"taxonomy":"post_tag","embeddable":true,"href":"https:\/\/www.cnbb.org.br\/cnbb-app\/wp\/v2\/tags?post=15424"}],"curies":[{"name":"wp","href":"https:\/\/api.w.org\/{rel}","templated":true}]}}