{"id":15434,"date":"2016-11-01T00:00:00","date_gmt":"2016-11-01T02:00:00","guid":{"rendered":"https:\/\/www.cnbb.org.br\/diocese-de-tres-lagoas-ms-promove-formacao-para-agentes-da-pastoral-da-comunicacao\/"},"modified":"2016-11-01T00:00:00","modified_gmt":"2016-11-01T02:00:00","slug":"diocese-de-tres-lagoas-ms-promove-formacao-para-agentes-da-pastoral-da-comunicacao","status":"publish","type":"post","link":"https:\/\/www.cnbb.org.br\/diocese-de-tres-lagoas-ms-promove-formacao-para-agentes-da-pastoral-da-comunicacao\/","title":{"rendered":"Diocese de Tr\u00eas Lagoas (MS) promove forma\u00e7\u00e3o para agentes da Pastoral da Comunica\u00e7\u00e3o"},"content":{"rendered":"<p>Encontro teve como tema \u201cComunica\u00e7\u00e3o, Liturgia e Tecnologia\u201d<\/p>\n<p><!--more--><\/p>\n<p style=\"text-align: justify\">A Pastoral da Comunica\u00e7\u00e3o (Pascom) da diocese de Tr\u00eas Lagoas (MS), realizou, dia 30 de outubro, o primeiro encontro de forma\u00e7\u00e3o para agentes e\/ou novos agentes. O objetivo foi ampliar o conhecimento sobre a Miss\u00e3o e a atua\u00e7\u00e3o da Pascom na diocese de Tr\u00eas Lagoas, bem como seus ve\u00edculos de comunica\u00e7\u00e3o, para que possa inspirar novos agentes e motivar os que j\u00e1 integram a pastoral a assumir com alegria a miss\u00e3o de servir.<\/p>\n<p style=\"text-align: justify\">A Pastoral da Comunica\u00e7\u00e3o \u00e9 uma articula\u00e7\u00e3o fundamental para a integra\u00e7\u00e3o das atividades e a divulga\u00e7\u00e3o das a\u00e7\u00f5es entre as par\u00f3quias. Ela utiliza os ve\u00edculos de comunica\u00e7\u00e3o e as redes sociais como ambientes de evangeliza\u00e7\u00e3o e promo\u00e7\u00e3o das diferentes a\u00e7\u00f5es pastorais presentes na diocese.<\/p>\n<p style=\"text-align: justify\">O bispo da Diocese de Tr\u00eas Lagoas, dom Luiz Gon\u00e7alves Knupp, refor\u00e7ou a import\u00e2ncia da presen\u00e7a e a atua\u00e7\u00e3o da Pascom, mas tamb\u00e9m, frisou a necessidade do engajamento dos agentes na busca da forma\u00e7\u00e3o e a viv\u00eancia pessoal da f\u00e9. \u201cSomos parte de uma Igreja mission\u00e1ria que acolhe a todos com caridade e miseric\u00f3rdia. Precisamos comunicar com este mesmo princ\u00edpio para que possamos dar voz a Igreja por meio do nosso cora\u00e7\u00e3o e n\u00e3o simplesmente divulgar as a\u00e7\u00f5es cotidianas\u201d, disse dom Luiz.<\/p>\n<p style=\"text-align: justify\">No encontro, os agentes refletiram sobre o envolvimento e a integra\u00e7\u00e3o da \u201cComunica\u00e7\u00e3o, Liturgia e Tecnologia\u201d na miss\u00e3o evangelizadora. Tema abordado nas principais forma\u00e7\u00f5es de 2016 envolvendo a Pascom pelo Brasil.<\/p>\n<p style=\"text-align: justify\">A forma\u00e7\u00e3o tamb\u00e9m esteve em sintonia com a proposta do papa Francisco apresentada na mensagem para o 50\u00ba Dia Mundial das Comunica\u00e7\u00f5es Sociais, em que diz: \u201cN\u00e3o \u00e9 a tecnologia que determina se a comunica\u00e7\u00e3o \u00e9 aut\u00eantica ou n\u00e3o, mas o cora\u00e7\u00e3o do homem e a sua capacidade de fazer bom uso dos meios ao seu dispor (&#8230;). Num mundo dividido, fragmentado, polarizado, comunicar com miseric\u00f3rdia significa contribuir para a boa, livre e solid\u00e1ria proximidade entre os filhos de Deus e irm\u00e3os em humanidade\u201d.<\/p>\n<h5 style=\"text-align: justify\">Com informa\u00e7\u00f5es e foto da diocese de Tr\u00eas Lagoas (MS)<\/h5>\n","protected":false},"excerpt":{"rendered":"<p>Encontro teve como tema \u201cComunica\u00e7\u00e3o, Liturgia e Tecnologia\u201d<\/p>\n","protected":false},"author":83,"featured_media":15435,"comment_status":"open","ping_status":"open","sticky":false,"template":"","format":"standard","meta":{"site-sidebar-layout":"default","site-content-layout":"default","ast-global-header-display":"","ast-banner-title-visibility":"","ast-main-header-display":"","ast-hfb-above-header-display":"","ast-hfb-below-header-display":"","ast-hfb-mobile-header-display":"","site-post-title":"","ast-breadcrumbs-content":"","ast-featured-img":"","footer-sml-layout":"","theme-transparent-header-meta":"","adv-header-id-meta":"","stick-header-meta":"","header-above-stick-meta":"","header-main-stick-meta":"","header-below-stick-meta":""},"categories":[748,878],"tags":[],"acf":[],"_links":{"self":[{"href":"https:\/\/www.cnbb.org.br\/cnbb-app\/wp\/v2\/posts\/15434"}],"collection":[{"href":"https:\/\/www.cnbb.org.br\/cnbb-app\/wp\/v2\/posts"}],"about":[{"href":"https:\/\/www.cnbb.org.br\/cnbb-app\/wp\/v2\/types\/post"}],"author":[{"embeddable":true,"href":"https:\/\/www.cnbb.org.br\/cnbb-app\/wp\/v2\/users\/83"}],"replies":[{"embeddable":true,"href":"https:\/\/www.cnbb.org.br\/cnbb-app\/wp\/v2\/comments?post=15434"}],"version-history":[{"count":0,"href":"https:\/\/www.cnbb.org.br\/cnbb-app\/wp\/v2\/posts\/15434\/revisions"}],"wp:featuredmedia":[{"embeddable":true,"href":"https:\/\/www.cnbb.org.br\/cnbb-app\/wp\/v2\/media\/15435"}],"wp:attachment":[{"href":"https:\/\/www.cnbb.org.br\/cnbb-app\/wp\/v2\/media?parent=15434"}],"wp:term":[{"taxonomy":"category","embeddable":true,"href":"https:\/\/www.cnbb.org.br\/cnbb-app\/wp\/v2\/categories?post=15434"},{"taxonomy":"post_tag","embeddable":true,"href":"https:\/\/www.cnbb.org.br\/cnbb-app\/wp\/v2\/tags?post=15434"}],"curies":[{"name":"wp","href":"https:\/\/api.w.org\/{rel}","templated":true}]}}