{"id":15475,"date":"2009-05-08T00:00:00","date_gmt":"2009-05-08T03:00:00","guid":{"rendered":"https:\/\/www.cnbb.org.br\/o-jubileu-do-pio-brasileiro-1\/"},"modified":"2009-05-08T00:00:00","modified_gmt":"2009-05-08T03:00:00","slug":"o-jubileu-do-pio-brasileiro-1","status":"publish","type":"post","link":"https:\/\/www.cnbb.org.br\/o-jubileu-do-pio-brasileiro-1\/","title":{"rendered":"O Jubileu do Pio Brasileiro"},"content":{"rendered":"<p style=\"text-align: justify\">Ao lado do Dia das M\u00e3es, do m\u00eas das flores, das apari\u00e7\u00f5es de F\u00e1tima e da aboli\u00e7\u00e3o da escravatura no Brasil celebramos em Roma o jubileu de 75 anos do Pontif\u00edcio Col\u00e9gio Pio Brasileiro. Os pa\u00edses da Am\u00e9rica Latina j\u00e1 tinham em Roma seu centro de acolhimento para seminaristas e sacerdotes escolhidos para uma forma\u00e7\u00e3o especial. O episcopado do Brasil quis um col\u00e9gio para os jovens e padres brasileiros. Assim, em 1934, com o apoio do papa Pio XI abriram-se as portas para os estudantes eclesi\u00e1sticos do Brasil, entre os quais o primeiro bispo da Diocese de Santa Cruz do Sul, Dom Alberto Frederico Etges.<\/p>\n<p><!--more--><\/p>\n<p style=\"text-align: justify\">O Pio Brasileiro \u00e9 um peda\u00e7o do Brasil em Roma. Ali\u00e1s, nas v\u00e1rias universidades de Roma, h\u00e1 cerca de 15 mil estudantes, entre seminaristas e padres, procedentes de mais de 100 pa\u00edses. Fazem parte do ambiente pluri-cultural da Cidade Eterna.<\/p>\n<p style=\"text-align: justify\">O Pio, como o Col\u00e9gio \u00e9 chamado carinhosamente por n\u00f3s, j\u00e1 acolheu mais de 1.900 alunos, dos quais 134 s\u00e3o bispos, cinco s\u00e3o cardeais e muitos lecionam nos institutos de filosofia e teologia ou s\u00e3o formadores nos semin\u00e1rios brasileiros.<\/p>\n<p style=\"text-align: justify\">Durante os 10 anos que morei no Pio Brasileiro e freq\u00fcentei a Universidade Gregoriana (1955-1964), a l\u00edngua que se falava em aula era o latim. Por sinal, para n\u00f3s que estudamos latim no semin\u00e1rio, era f\u00e1cil entender, escrever e falar a l\u00edngua de C\u00edcero.<\/p>\n<p style=\"text-align: justify\">A adapta\u00e7\u00e3o \u00e0 cultura local reservava surpresas. Lembro de dois fatos pitorescos: Surgiu o boato no Pio de que o Irm\u00e3o Zandon\u00e1, coordenador da cozinha, servia carne de cavalo (fiambre). Isto n\u00e3o era costume no Brasil. A turma decidiu n\u00e3o comer, enquanto n\u00e3o se esclarecesse a quest\u00e3o. Como eu era amigo do irm\u00e3o jesu\u00edta, avisei-o da situa\u00e7\u00e3o. Prontamente ele entrou no refeit\u00f3rio e falou aos 120 grevistas: \u201cFilioli (filhinhos), eu sou brasileiro do Rio Grande do Sul. No meu Estado, o cavalo goza de grande estima. Acima dele, s\u00f3 a fam\u00edlia. Ent\u00e3o, voc\u00eas acham que eu, brasileiro e ga\u00facho, serviria a voc\u00eas carne de cavalo\u201d? Todos bateram palmas e comeram com apetite os frios. Na cozinha, o Irm\u00e3o disse: \u201cO que eu iria dizer, n\u00e3o \u00e9\u201d?<\/p>\n<p style=\"text-align: justify\">O Pio Brasileiro fica na Via Aur\u00e9lia, o caminho da Universidade e passa ao lado do vaticano. Certo dia, um colega do Mato Grosso se entusiasmou numa audi\u00eancia com o papa Pio XII e come\u00e7ou a gritar: \u201cSanto Padre, Mato Grosso; Santo Padre, Mato Grosso\u201d! Foi preso pela Guarda Su\u00ed\u00e7a e solto mais tarde. Ele n\u00e3o sabia que \u201cmatto\u201d, em italiano \u00e9 \u201clouco\u201d e que \u201cmato grosso\u201d significa \u201clouco varrido\u201d! Explicamos aos guardas que ele era brasileiro.<\/p>\n<p style=\"text-align: justify\">Ao celebrarmos o jubileu do nosso col\u00e9gio em Roma, pe\u00e7o a Deus que aben\u00e7oe os que hoje moram no Pontif\u00edcio Col\u00e9gio Pio Brasileiro, para que se preparem bem para o minist\u00e9rio no Brasil.<\/p>\n<h4 style=\"text-align: right\">Dom Alo\u00edsio Sin\u00e9sio Bohn<\/h4>\n","protected":false},"excerpt":{"rendered":"<p>Ao lado do Dia das M\u00e3es, do m\u00eas das flores, das apari\u00e7\u00f5es de F\u00e1tima e da aboli\u00e7\u00e3o da escravatura no Brasil celebramos em Roma o jubileu de 75 anos do Pontif\u00edcio Col\u00e9gio Pio Brasileiro. Os pa\u00edses da Am\u00e9rica Latina j\u00e1 tinham em Roma seu centro de acolhimento para seminaristas e sacerdotes escolhidos para uma forma\u00e7\u00e3o &hellip;<\/p>\n<p class=\"read-more\"> <a class=\"\" href=\"https:\/\/www.cnbb.org.br\/o-jubileu-do-pio-brasileiro-1\/\"> <span class=\"screen-reader-text\">O Jubileu do Pio Brasileiro<\/span> Leia mais &raquo;<\/a><\/p>\n","protected":false},"author":83,"featured_media":0,"comment_status":"open","ping_status":"open","sticky":false,"template":"","format":"standard","meta":{"site-sidebar-layout":"default","site-content-layout":"default","ast-global-header-display":"","ast-banner-title-visibility":"","ast-main-header-display":"","ast-hfb-above-header-display":"","ast-hfb-below-header-display":"","ast-hfb-mobile-header-display":"","site-post-title":"","ast-breadcrumbs-content":"","ast-featured-img":"","footer-sml-layout":"","theme-transparent-header-meta":"","adv-header-id-meta":"","stick-header-meta":"","header-above-stick-meta":"","header-main-stick-meta":"","header-below-stick-meta":""},"categories":[748,799],"tags":[],"acf":[],"_links":{"self":[{"href":"https:\/\/www.cnbb.org.br\/cnbb-app\/wp\/v2\/posts\/15475"}],"collection":[{"href":"https:\/\/www.cnbb.org.br\/cnbb-app\/wp\/v2\/posts"}],"about":[{"href":"https:\/\/www.cnbb.org.br\/cnbb-app\/wp\/v2\/types\/post"}],"author":[{"embeddable":true,"href":"https:\/\/www.cnbb.org.br\/cnbb-app\/wp\/v2\/users\/83"}],"replies":[{"embeddable":true,"href":"https:\/\/www.cnbb.org.br\/cnbb-app\/wp\/v2\/comments?post=15475"}],"version-history":[{"count":0,"href":"https:\/\/www.cnbb.org.br\/cnbb-app\/wp\/v2\/posts\/15475\/revisions"}],"wp:attachment":[{"href":"https:\/\/www.cnbb.org.br\/cnbb-app\/wp\/v2\/media?parent=15475"}],"wp:term":[{"taxonomy":"category","embeddable":true,"href":"https:\/\/www.cnbb.org.br\/cnbb-app\/wp\/v2\/categories?post=15475"},{"taxonomy":"post_tag","embeddable":true,"href":"https:\/\/www.cnbb.org.br\/cnbb-app\/wp\/v2\/tags?post=15475"}],"curies":[{"name":"wp","href":"https:\/\/api.w.org\/{rel}","templated":true}]}}