{"id":15476,"date":"2008-01-01T00:00:00","date_gmt":"2008-01-01T02:00:00","guid":{"rendered":"https:\/\/www.cnbb.org.br\/quem-somos-setor-educacao\/"},"modified":"2008-01-01T00:00:00","modified_gmt":"2008-01-01T02:00:00","slug":"quem-somos-setor-educacao","status":"publish","type":"post","link":"https:\/\/www.cnbb.org.br\/quem-somos-setor-educacao\/","title":{"rendered":"Quem Somos: Setor Educa\u00e7\u00e3o"},"content":{"rendered":"<p style=\"text-align: justify\">A Pastoral da Educa\u00e7\u00e3o pretende ser a presen\u00e7a evangelizadora da Igreja no mundo da educa\u00e7\u00e3o. Objetiva uma \u201cEduca\u00e7\u00e3o que ofere\u00e7a \u00e0s crian\u00e7as, aos jovens e aos adultos o encontro com os valores culturais do pr\u00f3prio pa\u00eds, descobrindo ou integrando neles a dimens\u00e3o religiosa e transcendente\u201d (DAp n\u00ba. 334).<\/p>\n<p><!--more--><\/p>\n<p style=\"text-align: justify\">As Diretrizes Gerais da A\u00e7\u00e3o Evangelizadora da Igreja no Brasil (2008-2010), em seu n\u00famero 191, prop\u00f5em: \u201cA sensibilidade para a miss\u00e3o, a solidariedade e o compromisso s\u00f3ciotransformador levam a Igreja a assumir novas realidades que marcam a vida do povo brasileiro. \u00c0 luz da f\u00e9, estas realidades s\u00e3o consideradas novos are\u00f3pagos, ou seja, lugares para onde a aten\u00e7\u00e3o evangelizadora se deve voltar\u201d. O mundo da educa\u00e7\u00e3o \u00e9 um are\u00f3pago priorit\u00e1rio e a Pastoral da Educa\u00e7\u00e3o \u00e9 chamada a atuar a\u00ed, decisivamente, formando educadores disc\u00edpulos mission\u00e1rios.<\/p>\n<p style=\"text-align: justify\">A Pastoral da Educa\u00e7\u00e3o priorizar\u00e1, por meio de sua organiza\u00e7\u00e3o nos regionais e nas dioceses, a supera\u00e7\u00e3o de uma educa\u00e7\u00e3o marcada pelo reducionismo antropol\u00f3gico em fun\u00e7\u00e3o da produ\u00e7\u00e3o, da competitividade e do mercado, promovendo, nos processos educativos, valores de solidariedade, \u00e9ticos e morais, na busca de uma Cultura de Paz e de Justi\u00e7a.<\/p>\n<p style=\"text-align: justify\">A Pastoral da Educa\u00e7\u00e3o tem em vista, em seus projetos, questionar criticamente, \u00e0 luz dos valores evang\u00e9licos, a educa\u00e7\u00e3o em si, os processos e estruturas das institui\u00e7\u00f5es, favorecendo uma educa\u00e7\u00e3o de qualidade, especialmente na escola p\u00fablica, que atende os mais despossu\u00eddos.<\/p>\n<p style=\"text-align: justify\">A Pastoral da Educa\u00e7\u00e3o desenvolve a\u00e7\u00f5es espec\u00edfi cas com os educadores, testemunhas de f\u00e9 e de coer\u00eancia com o Evangelho nas escolas, especialmente com aqueles que se dedicam \u00e0 popula\u00e7\u00e3o escolar pobre, alvo especial da miss\u00e3o evang\u00e9licolibertadora da Igreja.<\/p>\n","protected":false},"excerpt":{"rendered":"<p>A Pastoral da Educa\u00e7\u00e3o pretende ser a presen\u00e7a evangelizadora da Igreja no mundo da educa\u00e7\u00e3o. Objetiva uma \u201cEduca\u00e7\u00e3o que ofere\u00e7a \u00e0s crian\u00e7as, aos jovens e aos adultos o encontro com os valores culturais do pr\u00f3prio pa\u00eds, descobrindo ou integrando neles a dimens\u00e3o religiosa e transcendente\u201d (DAp n\u00ba. 334).<\/p>\n","protected":false},"author":83,"featured_media":0,"comment_status":"open","ping_status":"open","sticky":false,"template":"","format":"standard","meta":{"site-sidebar-layout":"default","site-content-layout":"default","ast-global-header-display":"","ast-banner-title-visibility":"","ast-main-header-display":"","ast-hfb-above-header-display":"","ast-hfb-below-header-display":"","ast-hfb-mobile-header-display":"","site-post-title":"","ast-breadcrumbs-content":"","ast-featured-img":"","footer-sml-layout":"","theme-transparent-header-meta":"","adv-header-id-meta":"","stick-header-meta":"","header-above-stick-meta":"","header-main-stick-meta":"","header-below-stick-meta":""},"categories":[748,799],"tags":[],"acf":[],"_links":{"self":[{"href":"https:\/\/www.cnbb.org.br\/cnbb-app\/wp\/v2\/posts\/15476"}],"collection":[{"href":"https:\/\/www.cnbb.org.br\/cnbb-app\/wp\/v2\/posts"}],"about":[{"href":"https:\/\/www.cnbb.org.br\/cnbb-app\/wp\/v2\/types\/post"}],"author":[{"embeddable":true,"href":"https:\/\/www.cnbb.org.br\/cnbb-app\/wp\/v2\/users\/83"}],"replies":[{"embeddable":true,"href":"https:\/\/www.cnbb.org.br\/cnbb-app\/wp\/v2\/comments?post=15476"}],"version-history":[{"count":0,"href":"https:\/\/www.cnbb.org.br\/cnbb-app\/wp\/v2\/posts\/15476\/revisions"}],"wp:attachment":[{"href":"https:\/\/www.cnbb.org.br\/cnbb-app\/wp\/v2\/media?parent=15476"}],"wp:term":[{"taxonomy":"category","embeddable":true,"href":"https:\/\/www.cnbb.org.br\/cnbb-app\/wp\/v2\/categories?post=15476"},{"taxonomy":"post_tag","embeddable":true,"href":"https:\/\/www.cnbb.org.br\/cnbb-app\/wp\/v2\/tags?post=15476"}],"curies":[{"name":"wp","href":"https:\/\/api.w.org\/{rel}","templated":true}]}}