{"id":15483,"date":"2010-06-21T00:00:00","date_gmt":"2010-06-21T03:00:00","guid":{"rendered":"https:\/\/www.cnbb.org.br\/educacao-cortada\/"},"modified":"2010-06-21T00:00:00","modified_gmt":"2010-06-21T03:00:00","slug":"educacao-cortada","status":"publish","type":"post","link":"https:\/\/www.cnbb.org.br\/educacao-cortada\/","title":{"rendered":"Educa\u00e7\u00e3o cortada"},"content":{"rendered":"<p style=\"text-align: justify\">O corte no or\u00e7amento da Educa\u00e7\u00e3o figura entre os maiores erros do governo brasileiro. Ora, a Educa\u00e7\u00e3o \u00e9 a condi\u00e7\u00e3o estrat\u00e9gica indiscut\u00edvel para que um povo se desenvolva. Do investimento na Educa\u00e7\u00e3o depende ou se compromete o seu presente e o seu futuro. De forma lament\u00e1vel o presidente Lula cortou o que \u00e9 inegoci\u00e1vel para a qualifica\u00e7\u00e3o dos filhos da p\u00e1tria t\u00e3o gentil, t\u00e3o acostumada ao improviso e acomodada no atraso.<\/p>\n<p><!--more--><\/p>\n<p style=\"text-align: justify\">Recentes estat\u00edsticas das dimens\u00f5es trabalhistas revelam a real e urgente necessidade de m\u00e3o-de-obra qualificada. H\u00e1 milhares de empregos ofertados, vinculados, por\u00e9m, \u00e0 capacita\u00e7\u00e3o tecnol\u00f3gica. Inclui-se desde a constru\u00e7\u00e3o civil at\u00e9 sofisticados sistemas empresariais inter-setorializados.<\/p>\n<p style=\"text-align: justify\">Enquanto pr\u00e9-candidatos se prop\u00f5em a reestruturar a Educa\u00e7\u00e3o em seu complexo, o destrato na esfera da Educa\u00e7\u00e3o sinaliza a reprodu\u00e7\u00e3o do t\u00edpico expediente do quebra-galho, s\u00edmbolo da improvisa\u00e7\u00e3o. Sofrendo um segundo corte em 2010, a Educa\u00e7\u00e3o soma a perda de R$ 2,34 bi (o corte anterior foi de R$ 1,28 bi).<\/p>\n<p style=\"text-align: justify\">Nosso Pa\u00eds prefere sustar o risco de infla\u00e7\u00e3o evitando cortes de verbas para sua m\u00e1quina administrativa. Antes, os gastos aumentam em pleno ano eleitoral. Aqui Educa\u00e7\u00e3o n\u00e3o d\u00e1 votos. Muita gente nem atina com o fato de que n\u00f3s, brasileiros, somos campe\u00f5es em copas de mundo e campe\u00f5es em analfabetismo em rela\u00e7\u00e3o \u00e0 Am\u00e9rica Latina e Caribe.<\/p>\n<p style=\"text-align: justify\">No \u00e2mbito crist\u00e3o, a f\u00e9 se demonstra com obras. No \u00e2mbito pol\u00edtico, os valores c\u00edvicos, exarados da Constitui\u00e7\u00e3o, demonstram-se pelo investimento no desenvolvimento da na\u00e7\u00e3o, atrav\u00e9s de obras estruturais. Obras s\u00e3o feitas para garantir e sustentar a ordem e o progresso. A cada dia aumenta o contingente de inser\u00e7\u00e3o de adolescentes e de jovens no mercado de trabalho, tamb\u00e9m mais exigente.<\/p>\n<p style=\"text-align: justify\">Cortar investimentos substanciosos na dimens\u00e3o da forma\u00e7\u00e3o dos cidad\u00e3os e cidad\u00e3s de bem significa renunciar \u00e0 inclus\u00e3o social e desrespeitar seus justos direitos e equ\u00e2nimes deveres. Se o Governo tivesse um verdadeiro projeto de na\u00e7\u00e3o investiria pesado nos jovens filhos da terra, trabalhando com metas e resultados.<\/p>\n<p style=\"text-align: justify\">O Brasil possui mat\u00e9ria-prima e n\u00e3o possui conhecimento e habilidade cient\u00edfica e tecnol\u00f3gica. Brasileiros dependem de \u201cnow how\u201d estrangeiro. Nossa sina \u00e9 aceitar nossos dirigentes cortarem verbas. Eles nos obrigam a reproduzir a depend\u00eancia do conhecimento cient\u00edfico e tecnol\u00f3gico produzido no estrangeiro e comprado deles, a pre\u00e7o de ouro.<\/p>\n<p style=\"text-align: justify\">Acorda Brasil! As oportunidades de desenvolvimento nacional dependem das metas da Educa\u00e7\u00e3o, em todos os n\u00edveis: acad\u00eamico, cient\u00edfico e t\u00e9cnico, priorizando planos estrat\u00e9gicos para o presente e futuro do pa\u00eds do futebol, forr\u00f3 e mulher bonita.<\/p>\n<h4 style=\"text-align: right\">Dom Aldo Di Cillo Pagotto<\/h4>\n","protected":false},"excerpt":{"rendered":"<p>O corte no or\u00e7amento da Educa\u00e7\u00e3o figura entre os maiores erros do governo brasileiro. Ora, a Educa\u00e7\u00e3o \u00e9 a condi\u00e7\u00e3o estrat\u00e9gica indiscut\u00edvel para que um povo se desenvolva. Do investimento na Educa\u00e7\u00e3o depende ou se compromete o seu presente e o seu futuro. De forma lament\u00e1vel o presidente Lula cortou o que \u00e9 inegoci\u00e1vel para &hellip;<\/p>\n<p class=\"read-more\"> <a class=\"\" href=\"https:\/\/www.cnbb.org.br\/educacao-cortada\/\"> <span class=\"screen-reader-text\">Educa\u00e7\u00e3o cortada<\/span> Leia mais &raquo;<\/a><\/p>\n","protected":false},"author":83,"featured_media":0,"comment_status":"open","ping_status":"open","sticky":false,"template":"","format":"standard","meta":{"site-sidebar-layout":"default","site-content-layout":"default","ast-global-header-display":"","ast-banner-title-visibility":"","ast-main-header-display":"","ast-hfb-above-header-display":"","ast-hfb-below-header-display":"","ast-hfb-mobile-header-display":"","site-post-title":"","ast-breadcrumbs-content":"","ast-featured-img":"","footer-sml-layout":"","theme-transparent-header-meta":"","adv-header-id-meta":"","stick-header-meta":"","header-above-stick-meta":"","header-main-stick-meta":"","header-below-stick-meta":""},"categories":[748,799],"tags":[],"acf":[],"_links":{"self":[{"href":"https:\/\/www.cnbb.org.br\/cnbb-app\/wp\/v2\/posts\/15483"}],"collection":[{"href":"https:\/\/www.cnbb.org.br\/cnbb-app\/wp\/v2\/posts"}],"about":[{"href":"https:\/\/www.cnbb.org.br\/cnbb-app\/wp\/v2\/types\/post"}],"author":[{"embeddable":true,"href":"https:\/\/www.cnbb.org.br\/cnbb-app\/wp\/v2\/users\/83"}],"replies":[{"embeddable":true,"href":"https:\/\/www.cnbb.org.br\/cnbb-app\/wp\/v2\/comments?post=15483"}],"version-history":[{"count":0,"href":"https:\/\/www.cnbb.org.br\/cnbb-app\/wp\/v2\/posts\/15483\/revisions"}],"wp:attachment":[{"href":"https:\/\/www.cnbb.org.br\/cnbb-app\/wp\/v2\/media?parent=15483"}],"wp:term":[{"taxonomy":"category","embeddable":true,"href":"https:\/\/www.cnbb.org.br\/cnbb-app\/wp\/v2\/categories?post=15483"},{"taxonomy":"post_tag","embeddable":true,"href":"https:\/\/www.cnbb.org.br\/cnbb-app\/wp\/v2\/tags?post=15483"}],"curies":[{"name":"wp","href":"https:\/\/api.w.org\/{rel}","templated":true}]}}