{"id":15500,"date":"2010-09-21T00:00:00","date_gmt":"2010-09-21T03:00:00","guid":{"rendered":"https:\/\/www.cnbb.org.br\/pastoral-da-educacao-se-reune-para-inclusao-de-ensino-religioso-nas-escolas\/"},"modified":"2010-09-21T00:00:00","modified_gmt":"2010-09-21T03:00:00","slug":"pastoral-da-educacao-se-reune-para-inclusao-de-ensino-religioso-nas-escolas","status":"publish","type":"post","link":"https:\/\/www.cnbb.org.br\/pastoral-da-educacao-se-reune-para-inclusao-de-ensino-religioso-nas-escolas\/","title":{"rendered":"Pastoral da Educa\u00e7\u00e3o se re\u00fane em Presidente Prudente"},"content":{"rendered":"<p style=\"text-align: justify\">Com o intuito da implanta\u00e7\u00e3o oficial do ensino religioso nas escolas estaduais e municipais, cerca de 200 pessoas se reuniram em Presidente Prudente (SP) para discutir a organiza\u00e7\u00e3o da Pastoral da Educa\u00e7\u00e3o como forma de fortalecer suas ra\u00edzes para o desenvolvimento dos trabalhos. Durante o evento, foi discutido o tema \u201cEmpenhados na valoriza\u00e7\u00e3o da educa\u00e7\u00e3o e do processo educacional\u201d.<\/p>\n<p><!--more--><\/p>\n<p style=\"text-align: justify\">Estavam presentes sacerdotes, professores das Secretarias Municipais, diretorias de ensino regionais e representantes da comunidade. O assessor Eclesi\u00e1stico da Pastoral da Educa\u00e7\u00e3o no Sub-regional de Botucatu (SP) (Sub-Regional Sul 1) e diretor doutor da faculdade Jo\u00e3o Paulo II, em Mar\u00edlia (SP), padre Maur\u00edlio Alves Rodrigues, esteve presente com o objetivo de motivar a participa\u00e7\u00e3o dos membros da Pastoral, e colaborar no processo formativo integral da pessoa humana.<\/p>\n<p style=\"text-align: justify\"><img decoding=\"async\" loading=\"lazy\" class=\" alignright size-full wp-image-6538\" style=\"float: right\" src=\"https:\/\/www.cnbb.org.br\/wp-content\/uploads\/2020\/03\/pastoraldaeducacao2.jpg\" alt=\"pastoraldaeducacao2\" width=\"366\" height=\"274\" \/>De acordo com o sacerdote, o pr\u00f3ximo passo \u00e9 organizar um grupo, composto por sete educadores para iniciar o processo de articula\u00e7\u00e3o deste novo servi\u00e7o, aproveitando as experi\u00eancias bem sucedidas e acumuladas do passado. \u201cJuntos pensaremos em sugest\u00f5es de materiais, aulas did\u00e1ticas, al\u00e9m de forma\u00e7\u00f5es para que possamos iniciar os trabalhos em 2011\u201d, ressaltou o padre.<\/p>\n<p style=\"text-align: justify\">A primeira reuni\u00e3o aconteceu no dia 31 de agosto, e a segunda reuni\u00e3o aconteceu no dia 18 de setembro.<\/p>\n","protected":false},"excerpt":{"rendered":"<p>Com o intuito da implanta\u00e7\u00e3o oficial do ensino religioso nas escolas estaduais e municipais, cerca de 200 pessoas se reuniram em Presidente Prudente (SP) para discutir a organiza\u00e7\u00e3o da Pastoral da Educa\u00e7\u00e3o como forma de fortalecer suas ra\u00edzes para o desenvolvimento dos trabalhos. Durante o evento, foi discutido o tema \u201cEmpenhados na valoriza\u00e7\u00e3o da educa\u00e7\u00e3o &hellip;<\/p>\n<p class=\"read-more\"> <a class=\"\" href=\"https:\/\/www.cnbb.org.br\/pastoral-da-educacao-se-reune-para-inclusao-de-ensino-religioso-nas-escolas\/\"> <span class=\"screen-reader-text\">Pastoral da Educa\u00e7\u00e3o se re\u00fane em Presidente Prudente<\/span> Leia mais &raquo;<\/a><\/p>\n","protected":false},"author":83,"featured_media":15501,"comment_status":"open","ping_status":"open","sticky":false,"template":"","format":"standard","meta":{"site-sidebar-layout":"default","site-content-layout":"default","ast-global-header-display":"","ast-banner-title-visibility":"","ast-main-header-display":"","ast-hfb-above-header-display":"","ast-hfb-below-header-display":"","ast-hfb-mobile-header-display":"","site-post-title":"","ast-breadcrumbs-content":"","ast-featured-img":"","footer-sml-layout":"","theme-transparent-header-meta":"","adv-header-id-meta":"","stick-header-meta":"","header-above-stick-meta":"","header-main-stick-meta":"","header-below-stick-meta":""},"categories":[748,799],"tags":[],"acf":[],"_links":{"self":[{"href":"https:\/\/www.cnbb.org.br\/cnbb-app\/wp\/v2\/posts\/15500"}],"collection":[{"href":"https:\/\/www.cnbb.org.br\/cnbb-app\/wp\/v2\/posts"}],"about":[{"href":"https:\/\/www.cnbb.org.br\/cnbb-app\/wp\/v2\/types\/post"}],"author":[{"embeddable":true,"href":"https:\/\/www.cnbb.org.br\/cnbb-app\/wp\/v2\/users\/83"}],"replies":[{"embeddable":true,"href":"https:\/\/www.cnbb.org.br\/cnbb-app\/wp\/v2\/comments?post=15500"}],"version-history":[{"count":0,"href":"https:\/\/www.cnbb.org.br\/cnbb-app\/wp\/v2\/posts\/15500\/revisions"}],"wp:featuredmedia":[{"embeddable":true,"href":"https:\/\/www.cnbb.org.br\/cnbb-app\/wp\/v2\/media\/15501"}],"wp:attachment":[{"href":"https:\/\/www.cnbb.org.br\/cnbb-app\/wp\/v2\/media?parent=15500"}],"wp:term":[{"taxonomy":"category","embeddable":true,"href":"https:\/\/www.cnbb.org.br\/cnbb-app\/wp\/v2\/categories?post=15500"},{"taxonomy":"post_tag","embeddable":true,"href":"https:\/\/www.cnbb.org.br\/cnbb-app\/wp\/v2\/tags?post=15500"}],"curies":[{"name":"wp","href":"https:\/\/api.w.org\/{rel}","templated":true}]}}