{"id":15510,"date":"2011-02-25T00:00:00","date_gmt":"2011-02-25T03:00:00","guid":{"rendered":"https:\/\/www.cnbb.org.br\/faculdade-em-sao-paulo-abre-inscricoes-para-o-curso-de-musica-ritual\/"},"modified":"2011-02-25T00:00:00","modified_gmt":"2011-02-25T03:00:00","slug":"faculdade-em-sao-paulo-abre-inscricoes-para-o-curso-de-musica-ritual","status":"publish","type":"post","link":"https:\/\/www.cnbb.org.br\/faculdade-em-sao-paulo-abre-inscricoes-para-o-curso-de-musica-ritual\/","title":{"rendered":"Faculdade em S\u00e3o Paulo abre inscri\u00e7\u00f5es para o curso de M\u00fasica Ritual"},"content":{"rendered":"<p style=\"text-align: justify\">A Faculdade Campo Limpo Paulista (Faccamp), que fica no interior de S\u00e3o Paulo (SP), abre as inscri\u00e7\u00f5es para o primeiro Curso de Especializa\u00e7\u00e3o Lato Sensu (p\u00f3s-gradua\u00e7\u00e3o) em M\u00fasica Ritual, que ter\u00e1 a dura\u00e7\u00e3o de 384 horas\/aula, divididos em tr\u00eas m\u00f3dulos.<\/p>\n<p>  <!--more-->  <\/p>\n<p style=\"text-align: justify\">O objetivo do curso, segundo os organizadores, \u00e9 formar sujeitos que possam refletir, analisar e intervir na produ\u00e7\u00f5es de m\u00fasica ritual.<\/p>\n<p style=\"text-align: justify\">A coordena\u00e7\u00e3o pedag\u00f3gica do curso \u00e9 feita pela Equipe de Reflex\u00e3o de M\u00fasica da Confer\u00eancia Nacional dos Bispos do Brasil (CNBB).<\/p>\n<p style=\"text-align: justify\">\u201c\u00c9 preciso cuidar de um modo permanente da forma\u00e7\u00e3o lit\u00fargico-musical dos agentes que exercem este minist\u00e9rio, a fim de garantir que a m\u00fasica lit\u00fargica seja a express\u00e3o de beleza, autenticidade e dignidade do momento celebrativo. Este curso da Faccamp contribui para uma forma\u00e7\u00e3o mais qualificada dos agentes de m\u00fasica lit\u00fargica&#8221;, afirma o assessor de M\u00fasica Lit\u00fargica da CNBB, Pe. Jos\u00e9 Carlos Sala.<\/p>\n<p style=\"text-align: justify\">O primeiro m\u00f3dulo do curso est\u00e1 previsto para os dias 5 a 15 de julho focando nos seguintes eixos: Cultura Brasileira; An\u00e1lise Musical; Dimens\u00e3o Pastoral da M\u00fasica Ritual I e Oficina de Express\u00e3o Art\u00edstica. O segundo m\u00f3dulo, previsto para 18 a 27 de janeiro de 2012 tratar\u00e1 dos seguintes assuntos: Hist\u00f3ria da M\u00fasica; Poesia Lit\u00fargica e Dimens\u00e3o Pastoral da M\u00fasica Ritual II. No terceiro e \u00faltimo m\u00f3dulo, de 3 a 15 de julho de 2012 trar\u00e1 Est\u00e9tica Musical; Composi\u00e7\u00e3o; Dimens\u00e3o Pastoral da M\u00fasica Ritual e Metodologia Cient\u00edfica.<\/p>\n<p style=\"text-align: justify\">Os candidatos dever\u00e3o entregar o Curr\u00edculum Vitae no ato da inscri\u00e7\u00e3o o documento e uma carta especificando o porqu\u00ea da escolha pelo curso de M\u00fasica Ritual.<\/p>\n<p style=\"text-align: justify\">Outras informa\u00e7\u00f5es est\u00e3o dispon\u00edveis no site da Faculdade, no endere\u00e7o www.faccamp.br, no telefone (11) 4812-9400 ou no e-mail: musica@faccamp.br \/ posgraduacao@faccamp.br.<\/p>\n","protected":false},"excerpt":{"rendered":"<p>A Faculdade Campo Limpo Paulista (Faccamp), que fica no interior de S\u00e3o Paulo (SP), abre as inscri\u00e7\u00f5es para o primeiro Curso de Especializa\u00e7\u00e3o Lato Sensu (p\u00f3s-gradua\u00e7\u00e3o) em M\u00fasica Ritual, que ter\u00e1 a dura\u00e7\u00e3o de 384 horas\/aula, divididos em tr\u00eas m\u00f3dulos.<\/p>\n","protected":false},"author":83,"featured_media":15511,"comment_status":"open","ping_status":"open","sticky":false,"template":"","format":"standard","meta":{"site-sidebar-layout":"default","site-content-layout":"default","ast-global-header-display":"","ast-banner-title-visibility":"","ast-main-header-display":"","ast-hfb-above-header-display":"","ast-hfb-below-header-display":"","ast-hfb-mobile-header-display":"","site-post-title":"","ast-breadcrumbs-content":"","ast-featured-img":"","footer-sml-layout":"","theme-transparent-header-meta":"","adv-header-id-meta":"","stick-header-meta":"","header-above-stick-meta":"","header-main-stick-meta":"","header-below-stick-meta":""},"categories":[748,799],"tags":[],"acf":[],"_links":{"self":[{"href":"https:\/\/www.cnbb.org.br\/cnbb-app\/wp\/v2\/posts\/15510"}],"collection":[{"href":"https:\/\/www.cnbb.org.br\/cnbb-app\/wp\/v2\/posts"}],"about":[{"href":"https:\/\/www.cnbb.org.br\/cnbb-app\/wp\/v2\/types\/post"}],"author":[{"embeddable":true,"href":"https:\/\/www.cnbb.org.br\/cnbb-app\/wp\/v2\/users\/83"}],"replies":[{"embeddable":true,"href":"https:\/\/www.cnbb.org.br\/cnbb-app\/wp\/v2\/comments?post=15510"}],"version-history":[{"count":0,"href":"https:\/\/www.cnbb.org.br\/cnbb-app\/wp\/v2\/posts\/15510\/revisions"}],"wp:featuredmedia":[{"embeddable":true,"href":"https:\/\/www.cnbb.org.br\/cnbb-app\/wp\/v2\/media\/15511"}],"wp:attachment":[{"href":"https:\/\/www.cnbb.org.br\/cnbb-app\/wp\/v2\/media?parent=15510"}],"wp:term":[{"taxonomy":"category","embeddable":true,"href":"https:\/\/www.cnbb.org.br\/cnbb-app\/wp\/v2\/categories?post=15510"},{"taxonomy":"post_tag","embeddable":true,"href":"https:\/\/www.cnbb.org.br\/cnbb-app\/wp\/v2\/tags?post=15510"}],"curies":[{"name":"wp","href":"https:\/\/api.w.org\/{rel}","templated":true}]}}