{"id":15538,"date":"2011-05-20T00:00:00","date_gmt":"2011-05-20T03:00:00","guid":{"rendered":"https:\/\/www.cnbb.org.br\/ccm-finaliza-mais-um-modulo-do-curso-de-extensao-em-missiologia-e-animacao-pastoral\/"},"modified":"2011-05-20T00:00:00","modified_gmt":"2011-05-20T03:00:00","slug":"ccm-finaliza-mais-um-modulo-do-curso-de-extensao-em-missiologia-e-animacao-pastoral","status":"publish","type":"post","link":"https:\/\/www.cnbb.org.br\/ccm-finaliza-mais-um-modulo-do-curso-de-extensao-em-missiologia-e-animacao-pastoral\/","title":{"rendered":"CCM finaliza mais um m\u00f3dulo do Curso de Extens\u00e3o em Missiologia e Anima\u00e7\u00e3o Pastoral"},"content":{"rendered":"<p style=\"text-align: justify\">O Centro Cultural Mission\u00e1rio (CCM), em Bras\u00edlia (DF), juntamente com o Instituto Superior de Filosofia Berthier (IFIBE), de passo Fundo (RS), promovem o curso de Extens\u00e3o em Missiologia e Anima\u00e7\u00e3o Pastoral. A 2\u00aa edi\u00e7\u00e3o do M\u00f3dulo 1 come\u00e7ou no dia 11 e segue at\u00e9 amanh\u00e3, 21.<\/p>\n<p>  <!--more-->  <\/p>\n<p style=\"text-align: justify\"><img decoding=\"async\" loading=\"lazy\" class=\" alignright size-full wp-image-9868\" style=\"float: right\" alt=\"CCMmissiologia1\" src=\"https:\/\/www.cnbb.org.br\/wp-content\/uploads\/2020\/03\/CCMmissiologia1.jpg\" height=\"199\" width=\"300\" \/>O curso foi desenvolvido para leigos, religiosos, di\u00e1conos e presb\u00edteros engajados na anima\u00e7\u00e3o mission\u00e1ria, particularmente os coordenadores e os membros dos Conselhos Mission\u00e1rios Diocesanos (COMIDIs).<\/p>\n<p style=\"text-align: justify\">Segundo o coordenador do CCM, padre Est\u00eav\u00e3o Raschietti, a finalidade desse curso \u00e9 oferecer uma forma\u00e7\u00e3o espec\u00edfica no campo da miss\u00e3o na anima\u00e7\u00e3o mission\u00e1ria, \u201cparticularmente para os coordenadores e os membros dos COMIDIs\u201d, ressaltou. Ainda de acordo com o padre Raschietti, o curso completo consta de tr\u00eas m\u00f3dulos, de dez dias cada um, ao longo de tr\u00eas anos. \u201cAs pessoas podem optar para participar de um ou mais m\u00f3dulos, n\u00e3o necessariamente seguindo a sequ\u00eancia\u201d, explicou.<\/p>\n<p style=\"text-align: justify\">\u201cDiante do cen\u00e1rio em que a Igreja se encontra, especialmente a partir da Confer\u00eancia de Aparecida, em 2007, \u00e9 de fato uma louv\u00e1vel iniciativa, compromisso e atitude do CCM, oferecer meios que venham facilitar um verdadeiro \u2018aterrissar\u2018 da 5\u00aa Confer\u00eancia, quando se trata em miss\u00e3o\u201d, destacou o assessor da dimens\u00e3o mission\u00e1ria da Confer\u00eancia Nacional dos Bispos do Brasil (CNBB) e secret\u00e1rio executivo do Conselho Mission\u00e1rio Nacional (Comina), padre Jos\u00e9 Altevir da Silva.<\/p>\n<p style=\"text-align: justify\">De acordo com a programa\u00e7\u00e3o do curso, os temas da miss\u00e3o foram tratados sob tr\u00eas perspectivas: fundamental, contextual e pr\u00e1tica. Ao todo foram nove tipos de abordagens assim distribu\u00eddas: b\u00edblica, hist\u00f3rica e teol\u00f3gica (\u00f3tica fundamental: teologia da miss\u00e3o); antropol\u00f3gica, ecum\u00eanica e \u00e9tica (\u00f3tica contextual: os desafios da miss\u00e3o); pedag\u00f3gico-catequetica; administrativa-gerencial; metodol\u00f3gica-projetual (\u00f3tica pr\u00e1tica). O conte\u00fado program\u00e1tico do 1\u00ba M\u00f3dulo contempla: os Fundamentos B\u00edblicos da Miss\u00e3o; a Miss\u00e3o nas Diferentes Culturas (abordagem antropol\u00f3gica); a Pedagogia do An\u00fancio Mission\u00e1rio.<\/p>\n","protected":false},"excerpt":{"rendered":"<p>O Centro Cultural Mission\u00e1rio (CCM), em Bras\u00edlia (DF), juntamente com o Instituto Superior de Filosofia Berthier (IFIBE), de passo Fundo (RS), promovem o curso de Extens\u00e3o em Missiologia e Anima\u00e7\u00e3o Pastoral. A 2\u00aa edi\u00e7\u00e3o do M\u00f3dulo 1 come\u00e7ou no dia 11 e segue at\u00e9 amanh\u00e3, 21.<\/p>\n","protected":false},"author":83,"featured_media":15539,"comment_status":"open","ping_status":"open","sticky":false,"template":"","format":"standard","meta":{"site-sidebar-layout":"default","site-content-layout":"default","ast-global-header-display":"","ast-banner-title-visibility":"","ast-main-header-display":"","ast-hfb-above-header-display":"","ast-hfb-below-header-display":"","ast-hfb-mobile-header-display":"","site-post-title":"","ast-breadcrumbs-content":"","ast-featured-img":"","footer-sml-layout":"","theme-transparent-header-meta":"","adv-header-id-meta":"","stick-header-meta":"","header-above-stick-meta":"","header-main-stick-meta":"","header-below-stick-meta":""},"categories":[748,799],"tags":[],"acf":[],"_links":{"self":[{"href":"https:\/\/www.cnbb.org.br\/cnbb-app\/wp\/v2\/posts\/15538"}],"collection":[{"href":"https:\/\/www.cnbb.org.br\/cnbb-app\/wp\/v2\/posts"}],"about":[{"href":"https:\/\/www.cnbb.org.br\/cnbb-app\/wp\/v2\/types\/post"}],"author":[{"embeddable":true,"href":"https:\/\/www.cnbb.org.br\/cnbb-app\/wp\/v2\/users\/83"}],"replies":[{"embeddable":true,"href":"https:\/\/www.cnbb.org.br\/cnbb-app\/wp\/v2\/comments?post=15538"}],"version-history":[{"count":0,"href":"https:\/\/www.cnbb.org.br\/cnbb-app\/wp\/v2\/posts\/15538\/revisions"}],"wp:featuredmedia":[{"embeddable":true,"href":"https:\/\/www.cnbb.org.br\/cnbb-app\/wp\/v2\/media\/15539"}],"wp:attachment":[{"href":"https:\/\/www.cnbb.org.br\/cnbb-app\/wp\/v2\/media?parent=15538"}],"wp:term":[{"taxonomy":"category","embeddable":true,"href":"https:\/\/www.cnbb.org.br\/cnbb-app\/wp\/v2\/categories?post=15538"},{"taxonomy":"post_tag","embeddable":true,"href":"https:\/\/www.cnbb.org.br\/cnbb-app\/wp\/v2\/tags?post=15538"}],"curies":[{"name":"wp","href":"https:\/\/api.w.org\/{rel}","templated":true}]}}