{"id":15550,"date":"2011-09-02T00:00:00","date_gmt":"2011-09-02T03:00:00","guid":{"rendered":"https:\/\/www.cnbb.org.br\/comeca-15o-encontro-nacional-da-pastoral-da-educacao\/"},"modified":"2011-09-02T00:00:00","modified_gmt":"2011-09-02T03:00:00","slug":"comeca-15o-encontro-nacional-da-pastoral-da-educacao","status":"publish","type":"post","link":"https:\/\/www.cnbb.org.br\/comeca-15o-encontro-nacional-da-pastoral-da-educacao\/","title":{"rendered":"Come\u00e7a 15\u00ba Encontro Nacional da Pastoral da Educa\u00e7\u00e3o"},"content":{"rendered":"<p style=\"text-align: justify\">Tem in\u00edcio nesta sexta-feira, 2, na Casa de Retiro das Irm\u00e3s Franciscanas Alcantarinas em Belo Horizonte (MG), o 15\u00ba Encontro Nacional da Pastoral da Educa\u00e7\u00e3o, evento promovido pela Comiss\u00e3o Episcopal Pastoral para a Cultura e Educa\u00e7\u00e3o que inclui os Setores Universidades e Ensino Religioso, por meio da Pastoral da Educa\u00e7\u00e3o.<\/p>\n<p><!--more--><\/p>\n<p style=\"text-align: justify\">O encontro que segue at\u00e9 domingo, 4, pretende reunir bispos referenciais, coordenadores regionais e diocesanos da Pastoral da Educa\u00e7\u00e3o e agentes leigos que atuam nas dioceses onde a pastoral est\u00e1 organizada.<\/p>\n<p style=\"text-align: justify\">Al\u00e9m de avaliar e planejar a a\u00e7\u00e3o da Pastoral Educa\u00e7\u00e3o nacional, regional e diocesana, o Encontro abordar\u00e1 temas que se referem \u00e0s preocupa\u00e7\u00f5es da Igreja no mundo da educa\u00e7\u00e3o: as Diretrizes Gerais da A\u00e7\u00e3o Evangelizadora da Igreja no Brasil (DGAE) para o quadri\u00eanio 2011 a 2015, a Campanha da Fraternidade nas escolas, a participa\u00e7\u00e3o da Pastoral da Educa\u00e7\u00e3o na proposta \u201cMobiliza\u00e7\u00e3o das Igrejas Crist\u00e3s pela Educa\u00e7\u00e3o\u201d, promovida pelo MEC, Educa\u00e7\u00e3o para a Paz, Educa\u00e7\u00e3o em tempos dif\u00edceis (abordagem feita pela institui\u00e7\u00e3o Tereziana) e \u201cEduca\u00e7\u00e3o e M\u00edstica Crist\u00e3, o desafio de ensinar o que estamos ainda aprendendo\u201d.<\/p>\n<p style=\"text-align: justify\">A assessoria do encontro ficar\u00e1 a cargo do professor Eduardo Machado, (te\u00f3logo, professor e coordenador de pastoral do Col\u00e9gio Imaculada Concei\u00e7\u00e3o\/BH); frei Carlos Josaphat, OP (te\u00f3logo, professor em\u00e9rito da Universidade de Friburgo, Su\u00ed\u00e7a, autor do Livro: \u201c\u00c9tica mundial, Esperan\u00e7a da Humanidade Globalizada\u201d; padre Maur\u00edlio Rodrigues (fil\u00f3sofo, diretor da Faculdade Jo\u00e3o Paulo II, Mar\u00edlia\/SP); padre Luiz Carlos Dias, assessor Nacional das Campanhas da Fraternidade e da Evangeliza\u00e7\u00e3o da CNBB; e dos professores Linda Goulart e Sergio Maia, da Assessoria do MEC.<\/p>\n<p style=\"text-align: justify\">A abertura, \u00e0s 19h, ser\u00e1 feira pelo bispo auxiliar da arquidiocese, presidente da Comiss\u00e3o Episcopal Pastoral para a Educa\u00e7\u00e3o e Cultura da CNBB e reitor da PUC Minas, dom Joaquim Giovani Mol Guimar\u00e3es.<\/p>\n","protected":false},"excerpt":{"rendered":"<p>Tem in\u00edcio nesta sexta-feira, 2, na Casa de Retiro das Irm\u00e3s Franciscanas Alcantarinas em Belo Horizonte (MG), o 15\u00ba Encontro Nacional da Pastoral da Educa\u00e7\u00e3o, evento promovido pela Comiss\u00e3o Episcopal Pastoral para a Cultura e Educa\u00e7\u00e3o que inclui os Setores Universidades e Ensino Religioso, por meio da Pastoral da Educa\u00e7\u00e3o.<\/p>\n","protected":false},"author":83,"featured_media":15551,"comment_status":"open","ping_status":"open","sticky":false,"template":"","format":"standard","meta":{"site-sidebar-layout":"default","site-content-layout":"default","ast-global-header-display":"","ast-banner-title-visibility":"","ast-main-header-display":"","ast-hfb-above-header-display":"","ast-hfb-below-header-display":"","ast-hfb-mobile-header-display":"","site-post-title":"","ast-breadcrumbs-content":"","ast-featured-img":"","footer-sml-layout":"","theme-transparent-header-meta":"","adv-header-id-meta":"","stick-header-meta":"","header-above-stick-meta":"","header-main-stick-meta":"","header-below-stick-meta":""},"categories":[748,799],"tags":[],"acf":[],"_links":{"self":[{"href":"https:\/\/www.cnbb.org.br\/cnbb-app\/wp\/v2\/posts\/15550"}],"collection":[{"href":"https:\/\/www.cnbb.org.br\/cnbb-app\/wp\/v2\/posts"}],"about":[{"href":"https:\/\/www.cnbb.org.br\/cnbb-app\/wp\/v2\/types\/post"}],"author":[{"embeddable":true,"href":"https:\/\/www.cnbb.org.br\/cnbb-app\/wp\/v2\/users\/83"}],"replies":[{"embeddable":true,"href":"https:\/\/www.cnbb.org.br\/cnbb-app\/wp\/v2\/comments?post=15550"}],"version-history":[{"count":0,"href":"https:\/\/www.cnbb.org.br\/cnbb-app\/wp\/v2\/posts\/15550\/revisions"}],"wp:featuredmedia":[{"embeddable":true,"href":"https:\/\/www.cnbb.org.br\/cnbb-app\/wp\/v2\/media\/15551"}],"wp:attachment":[{"href":"https:\/\/www.cnbb.org.br\/cnbb-app\/wp\/v2\/media?parent=15550"}],"wp:term":[{"taxonomy":"category","embeddable":true,"href":"https:\/\/www.cnbb.org.br\/cnbb-app\/wp\/v2\/categories?post=15550"},{"taxonomy":"post_tag","embeddable":true,"href":"https:\/\/www.cnbb.org.br\/cnbb-app\/wp\/v2\/tags?post=15550"}],"curies":[{"name":"wp","href":"https:\/\/api.w.org\/{rel}","templated":true}]}}