{"id":15560,"date":"2011-10-08T00:00:00","date_gmt":"2011-10-08T03:00:00","guid":{"rendered":"https:\/\/www.cnbb.org.br\/centro-cultural-missionario-da-inicio-a-edicao-106-do-cenfi\/"},"modified":"2011-10-08T00:00:00","modified_gmt":"2011-10-08T03:00:00","slug":"centro-cultural-missionario-da-inicio-a-edicao-106-do-cenfi","status":"publish","type":"post","link":"https:\/\/www.cnbb.org.br\/centro-cultural-missionario-da-inicio-a-edicao-106-do-cenfi\/","title":{"rendered":"Centro Cultural Mission\u00e1rio realiza Cenfi 106"},"content":{"rendered":"<p style=\"text-align: justify\">O Centro Cultural Mission\u00e1rio (CCM) de Bras\u00edlia deu in\u00edcio ao Centro de Forma\u00e7\u00e3o Intercultural (Cenfi) edi\u00e7\u00e3o 106 de inicia\u00e7\u00e3o \u00e0 miss\u00e3o no Brasil para mission\u00e1rios do exterior. Participam 20 mission\u00e1rios, com de 11 pa\u00edses. Da Alemanha, por exemplo, h\u00e1 oito jovens que participam da primeira parte do curso.<\/p>\n<p><!--more--><\/p>\n<p style=\"text-align: justify\">O Cenfi consta de tr\u00eas propostas b\u00e1sicas: uma aprendizagem sistem\u00e1tica da l\u00edngua portuguesa; um est\u00e1gio em casas de fam\u00edlia; uma introdu\u00e7\u00e3o articulada sobre a sociedade, as culturas e a caminhada da Igreja no Brasil. Seu objetivo \u00e9 uma primeira introdu\u00e7\u00e3o, intera\u00e7\u00e3o e acompanhamento do mission\u00e1rio estrangeiro \u00e0 realidade brasileira. Nesse per\u00edodo, al\u00e9m da escola, da forma\u00e7\u00e3o, da conviv\u00eancia, dos eventos, dos momentos de lazer e de espiritualidade, acontece tamb\u00e9m um valoroso interc\u00e2mbio entre os participantes.<\/p>\n<p style=\"text-align: justify\">O diretor do CCM, padre Est\u00eav\u00e3o Raschietti, lembra que o mission\u00e1rio que vem do exterior vive uma situa\u00e7\u00e3o de transi\u00e7\u00e3o, longe de seu mundo de origem, de suas refer\u00eancias, procurando se inserir e sentir-se acolhido no mundo do outro. \u201cObjetivo do per\u00edodo de inser\u00e7\u00e3o inicial no Brasil\u201d, explica Raschietti, \u201cn\u00e3o se formula apenas no \u2018aprendizagem do idioma\u2019. \u00c9 extremamente necess\u00e1ria uma aproxima\u00e7\u00e3o bem mais articulada, global e contextualizada que se explicita no desenvolvimento de uma nova vis\u00e3o, na amplia\u00e7\u00e3o de horizontes, na mudan\u00e7a de atitudes, na supera\u00e7\u00e3o de cren\u00e7as, conceitos e preconceitos, na afina\u00e7\u00e3o de habilidades como escuta, observa\u00e7\u00e3o, intui\u00e7\u00e3o, s\u00edntese, reflex\u00e3o. Tudo isso leva a uma profunda transforma\u00e7\u00e3o da pessoa\u201d.<\/p>\n<p style=\"text-align: justify\">Para que essa inser\u00e7\u00e3o aconte\u00e7a, continuou o diretor do CCM, \u201cisso requer por parte dos mission\u00e1rios muita participa\u00e7\u00e3o e disposi\u00e7\u00e3o. O tempo dedicado ao estudo da l\u00edngua \u00e9 fundamental, assim como a aprendizagem sobre os povos e a Igrejas no Brasil. \u201cA maior ofensa que podemos dirigir \u00e0s pessoas \u00e0s quais somos enviados \u00e9 n\u00e3o manifestarmos desejo de conhecimento e de reconhecimento de suas hist\u00f3rias e culturas, de seus projetos de vida e travessias\u201d.<\/p>\n<p style=\"text-align: justify\">Os mission\u00e1rios mostraram muito entusiasmo e abertura, aproveitando ao m\u00e1ximo as oportunidades oferecidas, vivendo-as como momento \u00fanico de inser\u00e7\u00e3o na realidade brasileira. \u201cAs diversas partes que comp\u00f5em o programa do Cenfi se concentram no crescimento pessoal do mission\u00e1rio e na for\u00e7a da comunidade, pois, as rela\u00e7\u00f5es fraternas s\u00e3o cruciais para uma adequada experi\u00eancia de acultura\u00e7\u00e3o, como recurso fundamental humano, intelectual, pastoral e espiritual\u201d, completou padre Est\u00eav\u00e3o.<\/p>\n<p style=\"text-align: justify\">Os mission\u00e1rios do Cenfi 106 s\u00e3o de Gana, It\u00e1lia, Nig\u00e9ria, M\u00e9xico, Filipinas, Vietnam, Pol\u00f4nia, Honduras, Eslov\u00e1quia, Paraguai e Alemanha. A primeira parte do curso teve in\u00edcio no dia 25 de setembro e tem dura\u00e7\u00e3o de 90 dias.<\/p>\n","protected":false},"excerpt":{"rendered":"<p>O Centro Cultural Mission\u00e1rio (CCM) de Bras\u00edlia deu in\u00edcio ao Centro de Forma\u00e7\u00e3o Intercultural (Cenfi) edi\u00e7\u00e3o 106 de inicia\u00e7\u00e3o \u00e0 miss\u00e3o no Brasil para mission\u00e1rios do exterior. Participam 20 mission\u00e1rios, com de 11 pa\u00edses. Da Alemanha, por exemplo, h\u00e1 oito jovens que participam da primeira parte do curso.<\/p>\n","protected":false},"author":83,"featured_media":15561,"comment_status":"open","ping_status":"open","sticky":false,"template":"","format":"standard","meta":{"site-sidebar-layout":"default","site-content-layout":"default","ast-global-header-display":"","ast-banner-title-visibility":"","ast-main-header-display":"","ast-hfb-above-header-display":"","ast-hfb-below-header-display":"","ast-hfb-mobile-header-display":"","site-post-title":"","ast-breadcrumbs-content":"","ast-featured-img":"","footer-sml-layout":"","theme-transparent-header-meta":"","adv-header-id-meta":"","stick-header-meta":"","header-above-stick-meta":"","header-main-stick-meta":"","header-below-stick-meta":""},"categories":[748,799],"tags":[],"acf":[],"_links":{"self":[{"href":"https:\/\/www.cnbb.org.br\/cnbb-app\/wp\/v2\/posts\/15560"}],"collection":[{"href":"https:\/\/www.cnbb.org.br\/cnbb-app\/wp\/v2\/posts"}],"about":[{"href":"https:\/\/www.cnbb.org.br\/cnbb-app\/wp\/v2\/types\/post"}],"author":[{"embeddable":true,"href":"https:\/\/www.cnbb.org.br\/cnbb-app\/wp\/v2\/users\/83"}],"replies":[{"embeddable":true,"href":"https:\/\/www.cnbb.org.br\/cnbb-app\/wp\/v2\/comments?post=15560"}],"version-history":[{"count":0,"href":"https:\/\/www.cnbb.org.br\/cnbb-app\/wp\/v2\/posts\/15560\/revisions"}],"wp:featuredmedia":[{"embeddable":true,"href":"https:\/\/www.cnbb.org.br\/cnbb-app\/wp\/v2\/media\/15561"}],"wp:attachment":[{"href":"https:\/\/www.cnbb.org.br\/cnbb-app\/wp\/v2\/media?parent=15560"}],"wp:term":[{"taxonomy":"category","embeddable":true,"href":"https:\/\/www.cnbb.org.br\/cnbb-app\/wp\/v2\/categories?post=15560"},{"taxonomy":"post_tag","embeddable":true,"href":"https:\/\/www.cnbb.org.br\/cnbb-app\/wp\/v2\/tags?post=15560"}],"curies":[{"name":"wp","href":"https:\/\/api.w.org\/{rel}","templated":true}]}}