{"id":15574,"date":"2011-12-12T00:00:00","date_gmt":"2011-12-12T02:00:00","guid":{"rendered":"https:\/\/www.cnbb.org.br\/seminario-de-assessores-de-cebs-discute-cultura-urbana-e-os-seus-desafios\/"},"modified":"2011-12-12T00:00:00","modified_gmt":"2011-12-12T02:00:00","slug":"seminario-de-assessores-de-cebs-discute-cultura-urbana-e-os-seus-desafios","status":"publish","type":"post","link":"https:\/\/www.cnbb.org.br\/seminario-de-assessores-de-cebs-discute-cultura-urbana-e-os-seus-desafios\/","title":{"rendered":"Semin\u00e1rio de Assessores de CEBs discute cultura urbana e os seus desafios"},"content":{"rendered":"<p style=\"text-align: justify\">Terminou neste domingo, 11, o 4\u00ba Semin\u00e1rio de Assessores de Comunidades Eclesiais de Base (CEBs) promovido pelo Setor CEBs da Comiss\u00e3o Episcopal Pastoral para o Laicato da CNBB em parceria com o Iser Assessoria.<\/p>\n<p><!--more--><\/p>\n<p style=\"text-align: justify\">O semin\u00e1rio teve in\u00edcio na quinta-feira, 8, no Centro de Forma\u00e7\u00e3o Sagrada Fam\u00edlia, da arquidiocese de S\u00e3o Paulo (SP), e contou com a presen\u00e7a de 30 pessoas representando os Regionais Leste 1 (Rio de Janeiro) e 2 (Minas Gerais e Esp\u00edrito Santo), Sul 1 (S\u00e3o Paulo), 2 (Paran\u00e1), 3 (Rio Grande do Sul) e 4 (Santa Catarina). Tamb\u00e9m esteve no evento o bispo auxiliar da arquidiocese de S\u00e3o Paulo e membro da Comiss\u00e3o para o Laicato da CNBB, dom Milton Kenan.<\/p>\n<p style=\"text-align: justify\">Como nas tr\u00eas \u00faltimas edi\u00e7\u00f5es do Semin\u00e1rio, realizados no Rio de Janeiro, Bras\u00edlia e Caruaru, desta vez, o encontro tinha por objetivo colaborar na forma\u00e7\u00e3o de equipes de assessores de CEBs para ajud\u00e1-los na anima\u00e7\u00e3o e articula\u00e7\u00e3o das mesmas diante da urg\u00eancia proposta pelas atuais DGAE: \u201cIgreja: comunidade de comunidades\u201d.<\/p>\n<p style=\"text-align: justify\">Ao fazer a primeira apresenta\u00e7\u00e3o, o padre Jos\u00e9 Oscar Beozzo abordou a trajet\u00f3ria das CEBs do Conc\u00edlio Vaticano II at\u00e9 a Confer\u00eancia de Aparecida, quando chamou a aten\u00e7\u00e3o para a necessidade de forma\u00e7\u00e3o de comunidades semelhantes ao modelo paulino: que os crist\u00e3os se encontrem nas casas.<\/p>\n<p style=\"text-align: justify\">A soci\u00f3loga Solange Rodrigues, do Iser Assessoria, e o assessor do Setor CEBs, o professor S\u00e9rgio Coutinho, fizeram uma apresenta\u00e7\u00e3o sobre \u201cIdentidade e Diversidade das CEBs\u201d. Solange Rodrigues chamou a aten\u00e7\u00e3o para o fato de que \u201cas CEBs possuem uma dimens\u00e3o relacional, ou seja, foram geradas e se multiplicaram em contraste com outras experi\u00eancias eclesiais; e uma dimens\u00e3o processual, pois elas se transformaram com as mudan\u00e7as que ocorreram (e ainda ocorrem) neste atual contexto e interagem com ele\u201d. S\u00e9rgio Coutinho procurou fazer uma distin\u00e7\u00e3o entre as CEBs, enquanto \u201cdimens\u00e3o ou n\u00edvel estrutural micro\u201d da organiza\u00e7\u00e3o eclesial \u201cconforme fala Medell\u00edn e Aparecida no n\u00ba 178\u201d, e \u201cpequenas comunidades\u201d que deve-se entend\u00ea-las enquanto \u201cgrupos eclesiais\u201d e n\u00e3o s\u00e3o n\u00edveis de estrutura\u00e7\u00e3o.<\/p>\n<p style=\"text-align: justify\">Sobre os desafios s\u00f3cio-pol\u00edticos para as CEBs hoje, o padre Alfredo Gon\u00e7alves, enfatizou que estamos diante de uma \u201cencruzilhada\u201d e que requer escolhas, tomadas de posi\u00e7\u00e3o. Ela nos ensina que al\u00e9m da via parlamentar, existem outras vias para a participa\u00e7\u00e3o popular no processo pol\u00edtico. \u201cN\u00e3o podemos restringir nossa a\u00e7\u00e3o pol\u00edtica, nossa a\u00e7\u00e3o a um determinado partido, por mais avan\u00e7ado que seja\u201d, afirmou. Sobre este tema tamb\u00e9m, o soci\u00f3logo Ivo Lesbaupin, do Iser Assessoria, fez um balan\u00e7o da atual crise econ\u00f4mica e seus impactos na realidade brasileira.<\/p>\n<p style=\"text-align: justify\">No pen\u00faltimo dia, Fernando Altemeyer Jr., apresentou os desafios culturais e religiosos no mundo urbano para as CEBs. Quando o mundo atual caminha sob o slogan do \u201cSinto logo existo\u201d e \u201cConsumo logo sou\u201d, as CEBs devem continuar a trabalhar para manter viva a mem\u00f3ria, a solidariedade, a rede e, principalmente, a festa, pois estes trazem um tipo de felicidade que difere daquela que \u00e9 apresentada pelo mercado. Por isso, as CEBs n\u00e3o podem se deixar levar pelo hiper-consumismo, n\u00e3o perder de vista a juventude, estar do lado daqueles em estado de vulnerabilidade social e continuar a constru\u00e7\u00e3o de um di\u00e1logo ecum\u00eanico e inter-religioso.<\/p>\n<p style=\"text-align: justify\">Sobre o trabalho do assessor propriamente dito, o padre Benedito Ferraro, assessor da Ampliada Nacional das CEBs, partilhou sua experi\u00eancia com os participantes. Em sua pr\u00e1tica, dois eixos devem estar interligados: F\u00e9 e Vida. A \u201cF\u00e9\u201d \u00e9 a porta de entrada na grande tradi\u00e7\u00e3o da hist\u00f3ria do Povo de Deus, de Jesus Cristo e de sua Igreja e pela \u201cVida\u201d entramos no mundo da economia, da ideologia, da cultura e da pol\u00edtica.<\/p>\n<p style=\"text-align: justify\">Na conclus\u00e3o do semin\u00e1rio, Francisco Orofino, biblista do CEBI e membro do Iser Assessoria, fez uma s\u00edntese do semin\u00e1rio chamando a aten\u00e7\u00e3o para as CEBs e os cuidados que elas devem ter diante dos desafios do mundo contempor\u00e2neo. Tomando como base a experi\u00eancia das comunidades joaninas, descrita no cap\u00edtulo 13 do livro do Apocalipse, as CEBs precisam estar atentas para a atua\u00e7\u00e3o das \u201cduas bestas\u201d: a viol\u00eancia e a corrup\u00e7\u00e3o. As CEBs ainda s\u00e3o um \u201cespa\u00e7o alternativo para a constru\u00e7\u00e3o de rela\u00e7\u00f5es verdadeiras\u201d, afirmou.<\/p>\n<p style=\"text-align: justify\">A realiza\u00e7\u00e3o e a experi\u00eancia adquirida nestes semin\u00e1rios v\u00e3o possibilitar a realiza\u00e7\u00e3o de outros em n\u00edvel nacional, durante o pr\u00f3ximo quadri\u00eanio de trabalho do Setor CEBs da CNBB.<\/p>\n","protected":false},"excerpt":{"rendered":"<p>Terminou neste domingo, 11, o 4\u00ba Semin\u00e1rio de Assessores de Comunidades Eclesiais de Base (CEBs) promovido pelo Setor CEBs da Comiss\u00e3o Episcopal Pastoral para o Laicato da CNBB em parceria com o Iser Assessoria.<\/p>\n","protected":false},"author":83,"featured_media":15575,"comment_status":"open","ping_status":"open","sticky":false,"template":"","format":"standard","meta":{"site-sidebar-layout":"default","site-content-layout":"default","ast-global-header-display":"","ast-banner-title-visibility":"","ast-main-header-display":"","ast-hfb-above-header-display":"","ast-hfb-below-header-display":"","ast-hfb-mobile-header-display":"","site-post-title":"","ast-breadcrumbs-content":"","ast-featured-img":"","footer-sml-layout":"","theme-transparent-header-meta":"","adv-header-id-meta":"","stick-header-meta":"","header-above-stick-meta":"","header-main-stick-meta":"","header-below-stick-meta":""},"categories":[748,799],"tags":[],"acf":[],"_links":{"self":[{"href":"https:\/\/www.cnbb.org.br\/cnbb-app\/wp\/v2\/posts\/15574"}],"collection":[{"href":"https:\/\/www.cnbb.org.br\/cnbb-app\/wp\/v2\/posts"}],"about":[{"href":"https:\/\/www.cnbb.org.br\/cnbb-app\/wp\/v2\/types\/post"}],"author":[{"embeddable":true,"href":"https:\/\/www.cnbb.org.br\/cnbb-app\/wp\/v2\/users\/83"}],"replies":[{"embeddable":true,"href":"https:\/\/www.cnbb.org.br\/cnbb-app\/wp\/v2\/comments?post=15574"}],"version-history":[{"count":0,"href":"https:\/\/www.cnbb.org.br\/cnbb-app\/wp\/v2\/posts\/15574\/revisions"}],"wp:featuredmedia":[{"embeddable":true,"href":"https:\/\/www.cnbb.org.br\/cnbb-app\/wp\/v2\/media\/15575"}],"wp:attachment":[{"href":"https:\/\/www.cnbb.org.br\/cnbb-app\/wp\/v2\/media?parent=15574"}],"wp:term":[{"taxonomy":"category","embeddable":true,"href":"https:\/\/www.cnbb.org.br\/cnbb-app\/wp\/v2\/categories?post=15574"},{"taxonomy":"post_tag","embeddable":true,"href":"https:\/\/www.cnbb.org.br\/cnbb-app\/wp\/v2\/tags?post=15574"}],"curies":[{"name":"wp","href":"https:\/\/api.w.org\/{rel}","templated":true}]}}